{"id":16407,"date":"2013-11-05T08:04:58","date_gmt":"2013-11-05T13:04:58","guid":{"rendered":"http:\/\/www.ambiente.gob.ec\/?p=16407"},"modified":"2013-11-05T09:25:51","modified_gmt":"2013-11-05T14:25:51","slug":"incentivos-socio-bosque-se-promocionan-en-comunidad-balsaito","status":"publish","type":"post","link":"https:\/\/www.ambienteyenergia.gob.ec\/ambiente\/incentivos-socio-bosque-se-promocionan-en-comunidad-balsaito\/","title":{"rendered":"Incentivos Socio Bosque se promocionan en Comunidad Balsaito"},"content":{"rendered":"<p style=\"text-align: justify;\">El Ministerio del Ambiente (MAE), a trav\u00e9s del Programa Socio Bosque, visit\u00f3 la comunidad Balsalito, ubicada en la parroquia San Gregorio en la provincia de Esmeraldas.<\/p>\n<p style=\"text-align: justify;\">Durante la visita del equipo de Socio Bosque se dio a conocer los incentivos econ\u00f3micos y no econ\u00f3micos que promueve el MAE, como alternativa para los due\u00f1os de bosques de Esmeraldas, durante al Estado de Excepci\u00f3n que rige en la provincia, desde el pasado 23 de septiembre.<\/p>\n<p style=\"text-align: justify;\">La reuni\u00f3n de socializaci\u00f3n cont\u00f3 con la participaci\u00f3n de decenas de habitantes de la comuna, adem\u00e1s con guardaparques de la reversa La Mache Chindul.<\/p>\n<p style=\"text-align: justify;\">Durante la cita, los habitantes de la comuna Balsaito demostraron inter\u00e9s en formar parte de los incentivos que promueve el Programa Socio Bosque. En cuanto a la tala de madera, se\u00f1alaron la necesidad de aplicar sanciones a las empresas que realizan esta actividad de manera ilegal.<\/p>\n<p style=\"text-align: justify;\">El Ministerio del Ambiente, trabaja de manera permanente en la provincia de Esmeraldas con el fin de promover informaci\u00f3n clara, transparente y oportuna sobre la gesti\u00f3n del cuidado y mejoramiento ambiental que promueve en la provincia.<\/p>\n<p style=\"text-align: justify;\">Tras la socializaci\u00f3n sobre los incentivos en Balsaito, el equipo de Socio Bosque asisti\u00f3 a la feria de aniversario de la reserva Marina Galera San Francisco, ubicada en la parroquia Galera.<\/p>\n<p style=\"text-align: justify;\">El encuentro permiti\u00f3 que\u00a0 decenas de estudiantes de la zona se informen sobre el funcionamiento de los incentivos Socio Bosque y conozcan sobre los beneficios del cuidado y mantenimiento de los bosques.<\/p>\n<p style=\"text-align: justify;\">Socio Bosque es una iniciativa del Gobierno de la Revoluci\u00f3n Ciudadana, que fomenta la conservaci\u00f3n, reforestaci\u00f3n, restauraci\u00f3n activa y pasiva y el manejo forestal responsable en bosques.<\/p>\n<p style=\"text-align: justify;\">Si usted esta interesado en participar en el Programa Socio Bosque o desea que un equipo asista a su parroquia en la provincia de Esmeraldas, puede llamar sin costo a la l\u00ednea 1800-AMBIENTE (2624368), o visite nuestra p\u00e1gina web: httpp:\/\/sociobosque.ambiente.gob.ec<\/p>\n<p style=\"text-align: justify;\">\n","protected":false},"excerpt":{"rendered":"<p class=\"excerpt\">El Ministerio del Ambiente (MAE), a trav\u00e9s del Programa Socio Bosque, visit\u00f3 la comunidad Balsalito, ubicada en la parroquia San Gregorio en la provincia de Esmeraldas. Durante la visita del equipo de Socio Bosque se dio a conocer los incentivos econ\u00f3micos y no econ\u00f3micos que promueve el MAE, como alternativa para los due\u00f1os de bosques de Esmeraldas, durante al Estado&hellip; <a href=\"https:\/\/www.ambienteyenergia.gob.ec\/ambiente\/incentivos-socio-bosque-se-promocionan-en-comunidad-balsaito\/\">Read more &rarr;<\/a><\/p>\n","protected":false},"author":13,"featured_media":16408,"comment_status":"open","ping_status":"open","sticky":false,"template":"","format":"standard","meta":{"footnotes":""},"categories":[16,4],"tags":[],"class_list":["post-16407","post","type-post","status-publish","format-standard","has-post-thumbnail","hentry","category-comunicamos","category-noticias","xfolkentry"],"_links":{"self":[{"href":"https:\/\/www.ambienteyenergia.gob.ec\/ambiente\/wp-json\/wp\/v2\/posts\/16407","targetHints":{"allow":["GET"]}}],"collection":[{"href":"https:\/\/www.ambienteyenergia.gob.ec\/ambiente\/wp-json\/wp\/v2\/posts"}],"about":[{"href":"https:\/\/www.ambienteyenergia.gob.ec\/ambiente\/wp-json\/wp\/v2\/types\/post"}],"author":[{"embeddable":true,"href":"https:\/\/www.ambienteyenergia.gob.ec\/ambiente\/wp-json\/wp\/v2\/users\/13"}],"replies":[{"embeddable":true,"href":"https:\/\/www.ambienteyenergia.gob.ec\/ambiente\/wp-json\/wp\/v2\/comments?post=16407"}],"version-history":[{"count":0,"href":"https:\/\/www.ambienteyenergia.gob.ec\/ambiente\/wp-json\/wp\/v2\/posts\/16407\/revisions"}],"wp:featuredmedia":[{"embeddable":true,"href":"https:\/\/www.ambienteyenergia.gob.ec\/ambiente\/wp-json\/wp\/v2\/media\/16408"}],"wp:attachment":[{"href":"https:\/\/www.ambienteyenergia.gob.ec\/ambiente\/wp-json\/wp\/v2\/media?parent=16407"}],"wp:term":[{"taxonomy":"category","embeddable":true,"href":"https:\/\/www.ambienteyenergia.gob.ec\/ambiente\/wp-json\/wp\/v2\/categories?post=16407"},{"taxonomy":"post_tag","embeddable":true,"href":"https:\/\/www.ambienteyenergia.gob.ec\/ambiente\/wp-json\/wp\/v2\/tags?post=16407"}],"curies":[{"name":"wp","href":"https:\/\/api.w.org\/{rel}","templated":true}]}}