{"id":16397,"date":"2013-11-04T14:57:27","date_gmt":"2013-11-04T19:57:27","guid":{"rendered":"http:\/\/www.ambiente.gob.ec\/?p=16397"},"modified":"2013-11-04T15:05:25","modified_gmt":"2013-11-04T20:05:25","slug":"la-ministra-lorena-tapia-como-maxima-autoridad-ambiental-proximamente-presentara-la-plataforma-yasuni-conservacion","status":"publish","type":"post","link":"https:\/\/www.ambienteyenergia.gob.ec\/ambiente\/la-ministra-lorena-tapia-como-maxima-autoridad-ambiental-proximamente-presentara-la-plataforma-yasuni-conservacion\/","title":{"rendered":"La Ministra Lorena Tapia, como m\u00e1xima autoridad ambiental pr\u00f3ximamente presentar\u00e1 la Plataforma Yasun\u00ed Conservaci\u00f3n"},"content":{"rendered":"<p style=\"text-align: justify;\">El Ministerio del Ambiente (MAE) supervisar\u00e1 la actividad de manera continua,\u00a0a trav\u00e9s de sistemas de monitoreo permanente. Entre ellos, una plataforma virtual en la que se encontrar\u00e1 informaci\u00f3n relacionada a todas las fases de la operaci\u00f3n petrolera en el ITT.<\/p>\n<p style=\"text-align: justify;\">Es decir, la ciudadan\u00eda en general tendr\u00e1 acceso a datos de todo lo que se est\u00e1 haciendo y c\u00f3mo se est\u00e1 operando en el parque. Ser\u00e1 una plataforma de interacci\u00f3n en donde los ciudadanos tanto nacionales como internacionales podr\u00e1n hacer una veedur\u00eda al proceso.<\/p>\n<p style=\"text-align: justify;\"><a href=\"http:\/\/www.ambienteyenergia.gob.ec\/ambiente\/wp-content\/uploads\/2013\/11\/demo-plataforma1.jpg\"><img loading=\"lazy\" decoding=\"async\" class=\"aligncenter size-full wp-image-16400\" alt=\"demo-plataforma\" src=\"http:\/\/www.ambienteyenergia.gob.ec\/ambiente\/wp-content\/uploads\/2013\/11\/demo-plataforma1.jpg\" width=\"751\" height=\"563\" srcset=\"https:\/\/www.ambienteyenergia.gob.ec\/ambiente\/wp-content\/uploads\/sites\/2\/2013\/11\/demo-plataforma1.jpg 751w, https:\/\/www.ambienteyenergia.gob.ec\/ambiente\/wp-content\/uploads\/sites\/2\/2013\/11\/demo-plataforma1-300x224.jpg 300w, https:\/\/www.ambienteyenergia.gob.ec\/ambiente\/wp-content\/uploads\/sites\/2\/2013\/11\/demo-plataforma1-400x300.jpg 400w\" sizes=\"auto, (max-width: 751px) 100vw, 751px\" \/><\/a><\/p>\n","protected":false},"excerpt":{"rendered":"<p class=\"excerpt\">El Ministerio del Ambiente (MAE) supervisar\u00e1 la actividad de manera continua,\u00a0a trav\u00e9s de sistemas de monitoreo permanente. Entre ellos, una plataforma virtual en la que se encontrar\u00e1 informaci\u00f3n relacionada a todas las fases de la operaci\u00f3n petrolera en el ITT. Es decir, la ciudadan\u00eda en general tendr\u00e1 acceso a datos de todo lo que se est\u00e1 haciendo y c\u00f3mo se&hellip; <a href=\"https:\/\/www.ambienteyenergia.gob.ec\/ambiente\/la-ministra-lorena-tapia-como-maxima-autoridad-ambiental-proximamente-presentara-la-plataforma-yasuni-conservacion\/\">Read more &rarr;<\/a><\/p>\n","protected":false},"author":13,"featured_media":16402,"comment_status":"open","ping_status":"open","sticky":false,"template":"","format":"standard","meta":{"footnotes":""},"categories":[16,4],"tags":[],"class_list":["post-16397","post","type-post","status-publish","format-standard","has-post-thumbnail","hentry","category-comunicamos","category-noticias","xfolkentry"],"_links":{"self":[{"href":"https:\/\/www.ambienteyenergia.gob.ec\/ambiente\/wp-json\/wp\/v2\/posts\/16397","targetHints":{"allow":["GET"]}}],"collection":[{"href":"https:\/\/www.ambienteyenergia.gob.ec\/ambiente\/wp-json\/wp\/v2\/posts"}],"about":[{"href":"https:\/\/www.ambienteyenergia.gob.ec\/ambiente\/wp-json\/wp\/v2\/types\/post"}],"author":[{"embeddable":true,"href":"https:\/\/www.ambienteyenergia.gob.ec\/ambiente\/wp-json\/wp\/v2\/users\/13"}],"replies":[{"embeddable":true,"href":"https:\/\/www.ambienteyenergia.gob.ec\/ambiente\/wp-json\/wp\/v2\/comments?post=16397"}],"version-history":[{"count":0,"href":"https:\/\/www.ambienteyenergia.gob.ec\/ambiente\/wp-json\/wp\/v2\/posts\/16397\/revisions"}],"wp:featuredmedia":[{"embeddable":true,"href":"https:\/\/www.ambienteyenergia.gob.ec\/ambiente\/wp-json\/wp\/v2\/media\/16402"}],"wp:attachment":[{"href":"https:\/\/www.ambienteyenergia.gob.ec\/ambiente\/wp-json\/wp\/v2\/media?parent=16397"}],"wp:term":[{"taxonomy":"category","embeddable":true,"href":"https:\/\/www.ambienteyenergia.gob.ec\/ambiente\/wp-json\/wp\/v2\/categories?post=16397"},{"taxonomy":"post_tag","embeddable":true,"href":"https:\/\/www.ambienteyenergia.gob.ec\/ambiente\/wp-json\/wp\/v2\/tags?post=16397"}],"curies":[{"name":"wp","href":"https:\/\/api.w.org\/{rel}","templated":true}]}}