{"id":16392,"date":"2013-11-04T14:45:42","date_gmt":"2013-11-04T19:45:42","guid":{"rendered":"http:\/\/www.ambiente.gob.ec\/?p=16392"},"modified":"2013-11-04T14:45:42","modified_gmt":"2013-11-04T19:45:42","slug":"mae-realizo-censo-de-iguanas-terrestres-en-cartago-galapagos","status":"publish","type":"post","link":"https:\/\/www.ambienteyenergia.gob.ec\/ambiente\/mae-realizo-censo-de-iguanas-terrestres-en-cartago-galapagos\/","title":{"rendered":"MAE realiz\u00f3 censo de iguanas terrestres en Cartago, Gal\u00e1pagos"},"content":{"rendered":"<p style=\"text-align: justify;\"><i>Los guardaparques marcaron y tomaron los datos biom\u00e9tricos de los individuos capturados.<\/i><\/p>\n<p style=\"text-align: justify;\">Con el objetivo de conocer el estado poblacional de las iguanas terrestres de Cartago, al sureste de la isla Isabela, el Ministerio del Ambiente (MAE), a trav\u00e9s de la Direcci\u00f3n del Parque Nacional Gal\u00e1pagos (DPGN), y con el apoyo de la Fundaci\u00f3n Charles Darwin, realiz\u00f3 un monitoreo de la especie Conolophus subcristatus, durante 4 d\u00edas.<\/p>\n<p style=\"text-align: justify;\">En un \u00e1rea de aproximadamente 2 kil\u00f3metros se censaron 205 iguanas, de las cuales 86 fueron capturadas para la toma de datos biom\u00e9tricos como sexo, largo del cuerpo, largo de cola y peso para conocer su estructura y estado poblacional. De \u00e9stas, 28 fueron nuevas capturas por lo que se las marc\u00f3 con hierro y se les coloc\u00f3 un <i>pit<\/i> de identificaci\u00f3n.<\/p>\n<p style=\"text-align: justify;\">Para el censo, los guardaparques registran los individuos que se observan en los recorridos establecidos (transectas), mediante puntos de referencia con GPS; mientras que para las capturas, fue necesario aplicar \u00a0t\u00e9cnicas generales al monitoreo y que generen el menor impacto en el reptil.<\/p>\n<p style=\"text-align: justify;\">\u00a0Las iguanas terrestres (Conolophus subcristatus) son especies vulnerables, por lo que los guardaparques que intervienen en esta actividad tienen mucha experiencia en manejo de estos animales.<\/p>\n<p style=\"text-align: justify;\">Los resultados de este censo evidencian que existe una poblaci\u00f3n saludable de iguanas terrestres en Cartago, aunque \u00fanicamente se censaron 205, se estima que esta poblaci\u00f3n supere los 2 mil individuos.<\/p>\n<p style=\"text-align: justify;\">Estos trabajos de protecci\u00f3n y conservaci\u00f3n de especies nativas y end\u00e9micas, se complementan con las actividades de control de especies introducidas en los sitios de monitoreo que realiza la DPNG.<\/p>\n<p style=\"text-align: justify;\">La iguana terrestre de Gal\u00e1pagos, es una de la especie m\u00e1s emblem\u00e1tica del archipi\u00e9lago. Se reproducen solo en \u00e1reas limitadas y presentan poblaciones en algunas islas. Actualmente, se conocen tres especies de iguanas terrestres: Conolophus pallidus, establecida solo en la isla Santa Fe, Conolophus subcristatus, distribuida en Isabela, Baltra, Seymour Norte, Fernandina, Plazas Sur y Santa Cruz; y Conolophus marthae, conocida como la iguana rosada, habita \u00fanicamente en las laderas del volc\u00e1n Wolf, en la isla Isabela.<\/p>\n<p style=\"text-align: justify;\">\n","protected":false},"excerpt":{"rendered":"<p class=\"excerpt\">Los guardaparques marcaron y tomaron los datos biom\u00e9tricos de los individuos capturados. Con el objetivo de conocer el estado poblacional de las iguanas terrestres de Cartago, al sureste de la isla Isabela, el Ministerio del Ambiente (MAE), a trav\u00e9s de la Direcci\u00f3n del Parque Nacional Gal\u00e1pagos (DPGN), y con el apoyo de la Fundaci\u00f3n Charles Darwin, realiz\u00f3 un monitoreo de&hellip; <a href=\"https:\/\/www.ambienteyenergia.gob.ec\/ambiente\/mae-realizo-censo-de-iguanas-terrestres-en-cartago-galapagos\/\">Read more &rarr;<\/a><\/p>\n","protected":false},"author":13,"featured_media":16393,"comment_status":"open","ping_status":"open","sticky":false,"template":"","format":"standard","meta":{"footnotes":""},"categories":[16,4],"tags":[],"class_list":["post-16392","post","type-post","status-publish","format-standard","has-post-thumbnail","hentry","category-comunicamos","category-noticias","xfolkentry"],"_links":{"self":[{"href":"https:\/\/www.ambienteyenergia.gob.ec\/ambiente\/wp-json\/wp\/v2\/posts\/16392","targetHints":{"allow":["GET"]}}],"collection":[{"href":"https:\/\/www.ambienteyenergia.gob.ec\/ambiente\/wp-json\/wp\/v2\/posts"}],"about":[{"href":"https:\/\/www.ambienteyenergia.gob.ec\/ambiente\/wp-json\/wp\/v2\/types\/post"}],"author":[{"embeddable":true,"href":"https:\/\/www.ambienteyenergia.gob.ec\/ambiente\/wp-json\/wp\/v2\/users\/13"}],"replies":[{"embeddable":true,"href":"https:\/\/www.ambienteyenergia.gob.ec\/ambiente\/wp-json\/wp\/v2\/comments?post=16392"}],"version-history":[{"count":0,"href":"https:\/\/www.ambienteyenergia.gob.ec\/ambiente\/wp-json\/wp\/v2\/posts\/16392\/revisions"}],"wp:featuredmedia":[{"embeddable":true,"href":"https:\/\/www.ambienteyenergia.gob.ec\/ambiente\/wp-json\/wp\/v2\/media\/16393"}],"wp:attachment":[{"href":"https:\/\/www.ambienteyenergia.gob.ec\/ambiente\/wp-json\/wp\/v2\/media?parent=16392"}],"wp:term":[{"taxonomy":"category","embeddable":true,"href":"https:\/\/www.ambienteyenergia.gob.ec\/ambiente\/wp-json\/wp\/v2\/categories?post=16392"},{"taxonomy":"post_tag","embeddable":true,"href":"https:\/\/www.ambienteyenergia.gob.ec\/ambiente\/wp-json\/wp\/v2\/tags?post=16392"}],"curies":[{"name":"wp","href":"https:\/\/api.w.org\/{rel}","templated":true}]}}