{"id":16389,"date":"2013-11-04T12:36:46","date_gmt":"2013-11-04T17:36:46","guid":{"rendered":"http:\/\/www.ambiente.gob.ec\/?p=16389"},"modified":"2013-11-04T14:50:24","modified_gmt":"2013-11-04T19:50:24","slug":"ministra-tapia-presentara-plan-de-monitoreo-y-control-de-deforestacion-que-incluye-equipamiento-con-tecnologia-de-punta-para-esmeraldas","status":"publish","type":"post","link":"https:\/\/www.ambienteyenergia.gob.ec\/ambiente\/ministra-tapia-presentara-plan-de-monitoreo-y-control-de-deforestacion-que-incluye-equipamiento-con-tecnologia-de-punta-para-esmeraldas\/","title":{"rendered":"Ministra Tapia presentar\u00e1 Plan de Monitoreo y Control de deforestaci\u00f3n que incluye equipamiento con tecnolog\u00eda de punta, para Esmeraldas"},"content":{"rendered":"<p style=\"text-align: justify;\">Con la finalidad de fortalecer las acciones efectuadas en el marco del Estado de Excepci\u00f3n decretado en la provincia de Esmeraldas para frenar la tala del bosque nativo, lograr la regeneraci\u00f3n natural de la zona y promover el manejo forestal sostenible, la Ministra del Ambiente, Lorena Tapia,\u00a0 presentar\u00e1, la\u00a0 semana siguiente, el plan de monitoreo y de control que incluye equipos con tecnolog\u00eda de punta.<\/p>\n<p style=\"text-align: justify;\">Este equipamientos forma parte de los rubros para los que se destin\u00f3 un presupuesto de USD 5,1 millones, seg\u00fan inform\u00f3 la M\u00e1xima Autoridad Ambiental, en una ruda de prensa ofrecida el pasado 25 de septiembre. \u00abEste presupuesto ser\u00e1 destinado para la implementaci\u00f3n de tecnolog\u00eda de punta, que permita al Ecuador hacer frente con un sistema de control forestal modelo\u201d, ratific\u00f3.<\/p>\n<p style=\"text-align: justify;\">El Estado de Excepci\u00f3n solicitado por el Ministerio de Ambiente de Ecuador (MAE) es una acci\u00f3n obedece a un estudio realizado por esta Cartera de Estado, y que lleva algunos a\u00f1os. Puntualmente, en la provincia de Esmeraldas, luego de haber realizado un profundo trabajo de campo, se levantaron datos alarmantes. La tasa de deforestaci\u00f3n nacional es de 65 880 hect\u00e1reas anuales, de las cuales, 12 485 hect\u00e1reas corresponden a Esmeraldas. Es decir, sobrepasa el promedio por provincia que registra alrededor de 3 000 hect\u00e1reas deforestadas.<\/p>\n<p style=\"text-align: justify;\">\u201cEl objetivo fundamental de esta Declaratoria de Excepci\u00f3n es la legalidad de la actividad forestal en Esmeraldas, hablamos entonces, de un aprovechamiento forestal sostenible que permita hacer frente a la m\u00e1s alta tasa de deforestaci\u00f3n registrada a nivel provincial\u201d, afirm\u00f3 la Secretaria de Estado.<\/p>\n<p style=\"text-align: justify;\"><b>M<strong>AE activ\u00f3 programa de incentivos<\/strong><\/b><\/p>\n<p style=\"text-align: justify;\">De forma paralela a las acciones que implica el Decreto 116 (Estado de Excepci\u00f3n) se implementar\u00e1n programas de incentivos, generando soluciones para la poblaci\u00f3n que se dedica a esta actividad. Este programa de incentivos incluir\u00e1 la optimizaci\u00f3n de procesos de aprobaci\u00f3n de los programas de aprovechamiento, compra de maquinaria para mejorar el aprovechamiento de la madera y disminuir su desperdicio, se apoyar\u00e1 la legalizaci\u00f3n de tierras y el manejo forestal sostenible. En ese marco, el programa Socio Bosque se fortalecer\u00e1 en la provincia con fin de proteger los bosques nativos e incentivar a los ciudadanos a la conservaci\u00f3n.<\/p>\n<p style=\"text-align: justify;\">\u00a0\u201cEl pa\u00eds cuenta con una Autoridad Ambiental fuerte y comprometida, que va a llevar adelante esta medida, que sin duda, ha sido pensada en beneficio de la mayor\u00eda de ecuatorianos\u201d, asegur\u00f3 Tapia.<b><\/b><\/p>\n","protected":false},"excerpt":{"rendered":"<p class=\"excerpt\">Con la finalidad de fortalecer las acciones efectuadas en el marco del Estado de Excepci\u00f3n decretado en la provincia de Esmeraldas para frenar la tala del bosque nativo, lograr la regeneraci\u00f3n natural de la zona y promover el manejo forestal sostenible, la Ministra del Ambiente, Lorena Tapia,\u00a0 presentar\u00e1, la\u00a0 semana siguiente, el plan de monitoreo y de control que incluye&hellip; <a href=\"https:\/\/www.ambienteyenergia.gob.ec\/ambiente\/ministra-tapia-presentara-plan-de-monitoreo-y-control-de-deforestacion-que-incluye-equipamiento-con-tecnologia-de-punta-para-esmeraldas\/\">Read more &rarr;<\/a><\/p>\n","protected":false},"author":13,"featured_media":16396,"comment_status":"open","ping_status":"open","sticky":false,"template":"","format":"standard","meta":{"footnotes":""},"categories":[16,4],"tags":[],"class_list":["post-16389","post","type-post","status-publish","format-standard","has-post-thumbnail","hentry","category-comunicamos","category-noticias","xfolkentry"],"_links":{"self":[{"href":"https:\/\/www.ambienteyenergia.gob.ec\/ambiente\/wp-json\/wp\/v2\/posts\/16389","targetHints":{"allow":["GET"]}}],"collection":[{"href":"https:\/\/www.ambienteyenergia.gob.ec\/ambiente\/wp-json\/wp\/v2\/posts"}],"about":[{"href":"https:\/\/www.ambienteyenergia.gob.ec\/ambiente\/wp-json\/wp\/v2\/types\/post"}],"author":[{"embeddable":true,"href":"https:\/\/www.ambienteyenergia.gob.ec\/ambiente\/wp-json\/wp\/v2\/users\/13"}],"replies":[{"embeddable":true,"href":"https:\/\/www.ambienteyenergia.gob.ec\/ambiente\/wp-json\/wp\/v2\/comments?post=16389"}],"version-history":[{"count":0,"href":"https:\/\/www.ambienteyenergia.gob.ec\/ambiente\/wp-json\/wp\/v2\/posts\/16389\/revisions"}],"wp:featuredmedia":[{"embeddable":true,"href":"https:\/\/www.ambienteyenergia.gob.ec\/ambiente\/wp-json\/wp\/v2\/media\/16396"}],"wp:attachment":[{"href":"https:\/\/www.ambienteyenergia.gob.ec\/ambiente\/wp-json\/wp\/v2\/media?parent=16389"}],"wp:term":[{"taxonomy":"category","embeddable":true,"href":"https:\/\/www.ambienteyenergia.gob.ec\/ambiente\/wp-json\/wp\/v2\/categories?post=16389"},{"taxonomy":"post_tag","embeddable":true,"href":"https:\/\/www.ambienteyenergia.gob.ec\/ambiente\/wp-json\/wp\/v2\/tags?post=16389"}],"curies":[{"name":"wp","href":"https:\/\/api.w.org\/{rel}","templated":true}]}}