{"id":16386,"date":"2013-11-04T12:33:33","date_gmt":"2013-11-04T17:33:33","guid":{"rendered":"http:\/\/www.ambiente.gob.ec\/?p=16386"},"modified":"2013-11-04T12:33:33","modified_gmt":"2013-11-04T17:33:33","slug":"mae-presentara-indicador-huella-ecologica-nacional-en-quito","status":"publish","type":"post","link":"https:\/\/www.ambienteyenergia.gob.ec\/ambiente\/mae-presentara-indicador-huella-ecologica-nacional-en-quito\/","title":{"rendered":"MAE presentar\u00e1 \u00abIndicador Huella Ecol\u00f3gica Nacional\u00bb en Quito"},"content":{"rendered":"<p style=\"text-align: justify;\">El jueves 7 de noviembre, en el Centro de Convenciones Parque Bicentenario de la ciudad de Quito, el Ministerio del Ambiente (MAE) presentar\u00e1 el \u00abIndicador Huella Ecol\u00f3gica Nacional\u00bb, un informe de los\u00a0 resultados del c\u00e1lculo de la Huella Ecol\u00f3gica (HE) del Ecuador de los a\u00f1os 2008 y 2009, cuyo objetivo principal es propender al consumo sostenible de los recursos.<\/p>\n<p style=\"text-align: justify;\">La Huella Ecol\u00f3gica es un indicador ambiental que analiza la presi\u00f3n que los seres humanos generan sobre el ambiente, con base en\u00a0 los recursos naturales que utilizan para satisfacer sus patrones de consumo. Este indicador permite comparar los recursos existentes en la tierra frente a lo que la sociedad demanda.<\/p>\n<p style=\"text-align: justify;\">Por ello, a partir de 2011, esta Cartera de Estado puso en marcha el Proyecto de Inversi\u00f3n \u201cIdentificaci\u00f3n, C\u00e1lculo y Mitigaci\u00f3n de la Huella Ecol\u00f3gica del Sector P\u00fablico y Productivo del Ecuador\u201d, a trav\u00e9s de la Direcci\u00f3n de Informaci\u00f3n, Seguimiento y Evaluaci\u00f3n, siendo este plan priorizado por la Secretar\u00eda Nacional de Planificaci\u00f3n y Desarrollo (Senplades).<\/p>\n<p style=\"text-align: justify;\">La presentaci\u00f3n del informe de los resultados de c\u00e1lculo de la HE del Ecuador es fundamental porque \u00e9ste es uno de los ejes estrat\u00e9gicos que permitir\u00e1n\u00a0 introducir pol\u00edticas de mitigaci\u00f3n de Huella Ecol\u00f3gica y protecci\u00f3n de Biocapacidad, adem\u00e1s de direccionar la planificaci\u00f3n del uso del suelo guiada por la contabilidad de recursos.<\/p>\n<p style=\"text-align: justify;\">En este evento que iniciar\u00e1 a las 19:00, se presentar\u00e1 un video explicativo de la HE del pa\u00eds, intervendr\u00e1 la Ministra del Ambiente, Lorena Tapia, y se entregar\u00e1n certificados a las Universidades que se comprometen a medir su Huella Ecol\u00f3gica, entre otras actividades relacionadas con el informe.<\/p>\n","protected":false},"excerpt":{"rendered":"<p class=\"excerpt\">El jueves 7 de noviembre, en el Centro de Convenciones Parque Bicentenario de la ciudad de Quito, el Ministerio del Ambiente (MAE) presentar\u00e1 el \u00abIndicador Huella Ecol\u00f3gica Nacional\u00bb, un informe de los\u00a0 resultados del c\u00e1lculo de la Huella Ecol\u00f3gica (HE) del Ecuador de los a\u00f1os 2008 y 2009, cuyo objetivo principal es propender al consumo sostenible de los recursos. La&hellip; <a href=\"https:\/\/www.ambienteyenergia.gob.ec\/ambiente\/mae-presentara-indicador-huella-ecologica-nacional-en-quito\/\">Read more &rarr;<\/a><\/p>\n","protected":false},"author":13,"featured_media":16387,"comment_status":"open","ping_status":"open","sticky":false,"template":"","format":"standard","meta":{"footnotes":""},"categories":[16,4],"tags":[],"class_list":["post-16386","post","type-post","status-publish","format-standard","has-post-thumbnail","hentry","category-comunicamos","category-noticias","xfolkentry"],"_links":{"self":[{"href":"https:\/\/www.ambienteyenergia.gob.ec\/ambiente\/wp-json\/wp\/v2\/posts\/16386","targetHints":{"allow":["GET"]}}],"collection":[{"href":"https:\/\/www.ambienteyenergia.gob.ec\/ambiente\/wp-json\/wp\/v2\/posts"}],"about":[{"href":"https:\/\/www.ambienteyenergia.gob.ec\/ambiente\/wp-json\/wp\/v2\/types\/post"}],"author":[{"embeddable":true,"href":"https:\/\/www.ambienteyenergia.gob.ec\/ambiente\/wp-json\/wp\/v2\/users\/13"}],"replies":[{"embeddable":true,"href":"https:\/\/www.ambienteyenergia.gob.ec\/ambiente\/wp-json\/wp\/v2\/comments?post=16386"}],"version-history":[{"count":0,"href":"https:\/\/www.ambienteyenergia.gob.ec\/ambiente\/wp-json\/wp\/v2\/posts\/16386\/revisions"}],"wp:featuredmedia":[{"embeddable":true,"href":"https:\/\/www.ambienteyenergia.gob.ec\/ambiente\/wp-json\/wp\/v2\/media\/16387"}],"wp:attachment":[{"href":"https:\/\/www.ambienteyenergia.gob.ec\/ambiente\/wp-json\/wp\/v2\/media?parent=16386"}],"wp:term":[{"taxonomy":"category","embeddable":true,"href":"https:\/\/www.ambienteyenergia.gob.ec\/ambiente\/wp-json\/wp\/v2\/categories?post=16386"},{"taxonomy":"post_tag","embeddable":true,"href":"https:\/\/www.ambienteyenergia.gob.ec\/ambiente\/wp-json\/wp\/v2\/tags?post=16386"}],"curies":[{"name":"wp","href":"https:\/\/api.w.org\/{rel}","templated":true}]}}