{"id":16361,"date":"2013-11-02T16:21:31","date_gmt":"2013-11-02T21:21:31","guid":{"rendered":"http:\/\/www.ambiente.gob.ec\/?p=16361"},"modified":"2013-11-04T10:42:43","modified_gmt":"2013-11-04T15:42:43","slug":"mae-controlo-incendios-forestales-en-parque-nacional-llanganates","status":"publish","type":"post","link":"https:\/\/www.ambienteyenergia.gob.ec\/ambiente\/mae-controlo-incendios-forestales-en-parque-nacional-llanganates\/","title":{"rendered":"Guardaparques sofocaron incendios al interior del Parque Nacional Llanganates"},"content":{"rendered":"<p style=\"text-align: justify;\">El pasado d\u00eda\u00a0viernes\u00a0se produjeron dos incendios de pajonal en los p\u00e1ramos al noroccidente\u00a0 del Parque Nacional Llanganates. El primero se registr\u00f3 a las 08:30 en la zona denominada Las laderas de Piquil que se report\u00f3 de inmediato y fue sofocado por los Guardaparques Patricio Esp\u00edn, Rom\u00e1n Criollo y la Responsable del Parque Wendy Espinoza, este incendio se apag\u00f3 por completo a las 18:00. Se estima que el \u00e1rea de pajonal afectada en este foco es de 15.76 ha.<\/p>\n<p style=\"text-align: justify;\">A las 14:00 del mismo d\u00eda se registr\u00f3 otro incendio en los alrededores la laguna de Quillopacha hacia el norte del Parque.<\/p>\n<p style=\"text-align: justify;\">La Direcci\u00f3n Provincial del Ambiente Tungurahua solicit\u00f3 apoyo de Guardaparques a las Direcciones de Chimborazo y Cotopaxi que conjuntamente con t\u00e9cnicos y guardaparques de Llanganates acudieron el\u00a0viernes\u00a0por la noche al control de Pujin Sunfopamba ubicada en la parroquia San Jos\u00e9 de Poalo del cant\u00f3n Pillaro para trabajar en el contingente.<\/p>\n<p style=\"text-align: justify;\">El d\u00eda s\u00e1bado dos de noviembre en la\u00a0ma\u00f1ana\u00a0m\u00e1s de 20 personas equipados con matafuegos, palas y machetes se dirigieron rumbo a la laguna de Quillopacha, luego de caminar por el lapso de dos horas llegaron hasta el sitio donde se encontraba el incendio de pajonal.<\/p>\n<p style=\"text-align: justify;\">Gracias al esfuerzo del personal del Ministerio del Ambiente quienes combatieron las llamas de dos focos durante 30 minutos fueron sofocados y un tercero en el margen norte de la laguna de Quillopaccha se apag\u00f3 s\u00f3lo durante la noche y madrugada.<\/p>\n<p style=\"text-align: justify;\">La acci\u00f3n inmediata del personal evito que las llamas afecten mayor extensi\u00f3n de la ladera cubierta de ecosistemas de pajonales y se determin\u00f3 seg\u00fan los datos t\u00e9cnicos que el \u00e1rea afectada en alrededores de Quillopaccha es de aproximadamente 35.25 ha. y que presuntamente fue provocada por ganaderos de la provincia de Cotopaxi de la comunidad de Galp\u00f3n.<\/p>\n<p style=\"text-align: justify;\">El Ministerio del Ambiente continuar\u00e1 con las investigaciones para determinar la responsabilidad de estos incendios provocados al interior el Parque Nacional Llanganates.<\/p>\n<div id='gallery-1' class='gallery galleryid-16361 gallery-columns-3 gallery-size-thumbnail'><dl class='gallery-item'>\n\t\t\t<dt class='gallery-icon landscape'>\n\t\t\t\t<a href='https:\/\/www.ambienteyenergia.gob.ec\/ambiente\/mae-controlo-incendios-forestales-en-parque-nacional-llanganates\/dsc07356-2\/'><img loading=\"lazy\" decoding=\"async\" width=\"150\" height=\"150\" src=\"https:\/\/www.ambienteyenergia.gob.ec\/ambiente\/wp-content\/uploads\/sites\/2\/2013\/11\/DSC073561-150x150.jpg\" class=\"attachment-thumbnail size-thumbnail\" alt=\"\" \/><\/a>\n\t\t\t<\/dt><\/dl><dl class='gallery-item'>\n\t\t\t<dt class='gallery-icon landscape'>\n\t\t\t\t<a href='https:\/\/www.ambienteyenergia.gob.ec\/ambiente\/mae-controlo-incendios-forestales-en-parque-nacional-llanganates\/dsc07357-2\/'><img loading=\"lazy\" decoding=\"async\" width=\"150\" height=\"150\" src=\"https:\/\/www.ambienteyenergia.gob.ec\/ambiente\/wp-content\/uploads\/sites\/2\/2013\/11\/DSC073571-150x150.jpg\" class=\"attachment-thumbnail size-thumbnail\" alt=\"\" \/><\/a>\n\t\t\t<\/dt><\/dl>\n\t\t\t<br style='clear: both' \/>\n\t\t<\/div>\n\n","protected":false},"excerpt":{"rendered":"<p class=\"excerpt\">El pasado d\u00eda\u00a0viernes\u00a0se produjeron dos incendios de pajonal en los p\u00e1ramos al noroccidente\u00a0 del Parque Nacional Llanganates. El primero se registr\u00f3 a las 08:30 en la zona denominada Las laderas de Piquil que se report\u00f3 de inmediato y fue sofocado por los Guardaparques Patricio Esp\u00edn, Rom\u00e1n Criollo y la Responsable del Parque Wendy Espinoza, este incendio se apag\u00f3 por completo&hellip; <a href=\"https:\/\/www.ambienteyenergia.gob.ec\/ambiente\/mae-controlo-incendios-forestales-en-parque-nacional-llanganates\/\">Read more &rarr;<\/a><\/p>\n","protected":false},"author":13,"featured_media":16371,"comment_status":"open","ping_status":"open","sticky":false,"template":"","format":"standard","meta":{"footnotes":""},"categories":[16,4],"tags":[],"class_list":["post-16361","post","type-post","status-publish","format-standard","has-post-thumbnail","hentry","category-comunicamos","category-noticias","xfolkentry"],"_links":{"self":[{"href":"https:\/\/www.ambienteyenergia.gob.ec\/ambiente\/wp-json\/wp\/v2\/posts\/16361","targetHints":{"allow":["GET"]}}],"collection":[{"href":"https:\/\/www.ambienteyenergia.gob.ec\/ambiente\/wp-json\/wp\/v2\/posts"}],"about":[{"href":"https:\/\/www.ambienteyenergia.gob.ec\/ambiente\/wp-json\/wp\/v2\/types\/post"}],"author":[{"embeddable":true,"href":"https:\/\/www.ambienteyenergia.gob.ec\/ambiente\/wp-json\/wp\/v2\/users\/13"}],"replies":[{"embeddable":true,"href":"https:\/\/www.ambienteyenergia.gob.ec\/ambiente\/wp-json\/wp\/v2\/comments?post=16361"}],"version-history":[{"count":0,"href":"https:\/\/www.ambienteyenergia.gob.ec\/ambiente\/wp-json\/wp\/v2\/posts\/16361\/revisions"}],"wp:featuredmedia":[{"embeddable":true,"href":"https:\/\/www.ambienteyenergia.gob.ec\/ambiente\/wp-json\/wp\/v2\/media\/16371"}],"wp:attachment":[{"href":"https:\/\/www.ambienteyenergia.gob.ec\/ambiente\/wp-json\/wp\/v2\/media?parent=16361"}],"wp:term":[{"taxonomy":"category","embeddable":true,"href":"https:\/\/www.ambienteyenergia.gob.ec\/ambiente\/wp-json\/wp\/v2\/categories?post=16361"},{"taxonomy":"post_tag","embeddable":true,"href":"https:\/\/www.ambienteyenergia.gob.ec\/ambiente\/wp-json\/wp\/v2\/tags?post=16361"}],"curies":[{"name":"wp","href":"https:\/\/api.w.org\/{rel}","templated":true}]}}