{"id":16353,"date":"2013-11-01T08:39:44","date_gmt":"2013-11-01T13:39:44","guid":{"rendered":"http:\/\/www.ambiente.gob.ec\/?p=16353"},"modified":"2013-11-01T08:40:05","modified_gmt":"2013-11-01T13:40:05","slug":"alrededor-de-600-estudiantes-de-santa-cruz-participaron-del-proyecto-clases-compartidas","status":"publish","type":"post","link":"https:\/\/www.ambienteyenergia.gob.ec\/ambiente\/alrededor-de-600-estudiantes-de-santa-cruz-participaron-del-proyecto-clases-compartidas\/","title":{"rendered":"Alrededor de 600 estudiantes de Santa Cruz participaron del proyecto &#8216;Clases Compartidas&#8217;"},"content":{"rendered":"<p style=\"text-align: justify;\">El Ministerio del Ambiente (MAE), a trav\u00e9s de la Direcci\u00f3n del Parque Nacional Gal\u00e1pagos (DPNG) y la Fundaci\u00f3n Charles Darwin (FCD), imparte charlas educativas en el Centro Comunitario Miguel Cifuentes, en Santa Cruz. El objetivo es reforzar los conocimientos transmitidos por los docentes en los planteles educativos.<\/p>\n<p style=\"text-align: justify;\">Esta actividad se enmarca dentro del proyecto denominado \u201cClases Compartidas\u201d con las que la DPNG busca brindar metodolog\u00edas complementarias para el aprendizaje de los estudiantes, especialmente en las materias de Ciencias Naturales y Ciencias Sociales, fuera de las aulas de clase.<\/p>\n<p style=\"text-align: justify;\">En esta ocasi\u00f3n, se expuso el tema de los tiburones de Gal\u00e1pagos y su importancia dentro de la cadena alimenticia. Por su parte, la FCD se sum\u00f3 a esta iniciativa y present\u00f3 un teatro de sombras sobre especies introducidas para incentivar en los estudiantes al cuidado del entorno natural.<\/p>\n<p style=\"text-align: justify;\">Este proyecto se realiza en coordinaci\u00f3n con los planteles educativos de la localidad y est\u00e1 dirigido a estudiantes de octavo, noveno y d\u00e9cimo a\u00f1o de educaci\u00f3n b\u00e1sica. Durante las seis presentaciones que se desarrollaron a lo largo del a\u00f1o, se trabaj\u00f3 con alrededor de 600 estudiantes.<\/p>\n","protected":false},"excerpt":{"rendered":"<p class=\"excerpt\">El Ministerio del Ambiente (MAE), a trav\u00e9s de la Direcci\u00f3n del Parque Nacional Gal\u00e1pagos (DPNG) y la Fundaci\u00f3n Charles Darwin (FCD), imparte charlas educativas en el Centro Comunitario Miguel Cifuentes, en Santa Cruz. El objetivo es reforzar los conocimientos transmitidos por los docentes en los planteles educativos. Esta actividad se enmarca dentro del proyecto denominado \u201cClases Compartidas\u201d con las que&hellip; <a href=\"https:\/\/www.ambienteyenergia.gob.ec\/ambiente\/alrededor-de-600-estudiantes-de-santa-cruz-participaron-del-proyecto-clases-compartidas\/\">Read more &rarr;<\/a><\/p>\n","protected":false},"author":13,"featured_media":16354,"comment_status":"open","ping_status":"open","sticky":false,"template":"","format":"standard","meta":{"footnotes":""},"categories":[16,4],"tags":[],"class_list":["post-16353","post","type-post","status-publish","format-standard","has-post-thumbnail","hentry","category-comunicamos","category-noticias","xfolkentry"],"_links":{"self":[{"href":"https:\/\/www.ambienteyenergia.gob.ec\/ambiente\/wp-json\/wp\/v2\/posts\/16353","targetHints":{"allow":["GET"]}}],"collection":[{"href":"https:\/\/www.ambienteyenergia.gob.ec\/ambiente\/wp-json\/wp\/v2\/posts"}],"about":[{"href":"https:\/\/www.ambienteyenergia.gob.ec\/ambiente\/wp-json\/wp\/v2\/types\/post"}],"author":[{"embeddable":true,"href":"https:\/\/www.ambienteyenergia.gob.ec\/ambiente\/wp-json\/wp\/v2\/users\/13"}],"replies":[{"embeddable":true,"href":"https:\/\/www.ambienteyenergia.gob.ec\/ambiente\/wp-json\/wp\/v2\/comments?post=16353"}],"version-history":[{"count":0,"href":"https:\/\/www.ambienteyenergia.gob.ec\/ambiente\/wp-json\/wp\/v2\/posts\/16353\/revisions"}],"wp:featuredmedia":[{"embeddable":true,"href":"https:\/\/www.ambienteyenergia.gob.ec\/ambiente\/wp-json\/wp\/v2\/media\/16354"}],"wp:attachment":[{"href":"https:\/\/www.ambienteyenergia.gob.ec\/ambiente\/wp-json\/wp\/v2\/media?parent=16353"}],"wp:term":[{"taxonomy":"category","embeddable":true,"href":"https:\/\/www.ambienteyenergia.gob.ec\/ambiente\/wp-json\/wp\/v2\/categories?post=16353"},{"taxonomy":"post_tag","embeddable":true,"href":"https:\/\/www.ambienteyenergia.gob.ec\/ambiente\/wp-json\/wp\/v2\/tags?post=16353"}],"curies":[{"name":"wp","href":"https:\/\/api.w.org\/{rel}","templated":true}]}}