{"id":16338,"date":"2013-10-31T15:12:22","date_gmt":"2013-10-31T20:12:22","guid":{"rendered":"http:\/\/www.ambiente.gob.ec\/?p=16338"},"modified":"2013-10-31T15:12:22","modified_gmt":"2013-10-31T20:12:22","slug":"red-infantil-guardianes-del-planeta-capacito-a-717-estudiantes-en-santo-domingo-de-los-tsachilas","status":"publish","type":"post","link":"https:\/\/www.ambienteyenergia.gob.ec\/ambiente\/red-infantil-guardianes-del-planeta-capacito-a-717-estudiantes-en-santo-domingo-de-los-tsachilas\/","title":{"rendered":"Red Infantil Guardianes del Planeta capacit\u00f3 a 717 estudiantes en Santo Domingo de los Ts\u00e1chilas"},"content":{"rendered":"<p style=\"text-align: justify;\">En lo que va del a\u00f1o, la Direcci\u00f3n Provincial del Ambiente Santo Domingo de los Ts\u00e1chilas ha capacitado a 717 estudiantes de educaci\u00f3n b\u00e1sica de varias unidades educativas de la provincia, en el marco del proyecto Red Infantil Guardianes del Planeta del Ministerio del Ambiente (MAE).<\/p>\n<p style=\"text-align: justify;\">Los funcionarios de la Unidad de Calidad Ambiental se trasladaron a las escuelas de educaci\u00f3n b\u00e1sica Plantel Particular Central, Unidad Educativa Hortensia V\u00e1squez Salvador, Matovelle N\u00b0 2, Planeta Brasilea, Inti Raymi y Ejercito Ecuatoriano. En estas instituciones, dictaron talleres y otras actividades l\u00fadicas-cognitivas como obras de teatro referentes a los da\u00f1os que causa la contaminaci\u00f3n, con el objetivo generar cambios de actitudes y valores ambientales.<\/p>\n<p style=\"text-align: justify;\">La Red Infantil Guardianes del Planeta pretende abarcar como prioridad\u00a0 las escuelas de la zona de influencia de los Bosques y Vegetaci\u00f3n Protectores de la provincia. Ello, con la finalidad de fortalecer el cuidado y protecci\u00f3n de los recursos naturales renovables por parte de los ni\u00f1os y ni\u00f1as de estas comunidades.<\/p>\n<p style=\"text-align: justify;\">Si desea que la Red Infantil Guardianes del Planeta visite su escuela en la provincia de Santo Domingo de los Ts\u00e1chilas, comun\u00edquese al 2767009 &#8211; 2746523 Direcci\u00f3n Provincial del Ambiente Santo Domingo de los Ts\u00e1chilas.<\/p>\n","protected":false},"excerpt":{"rendered":"<p class=\"excerpt\">En lo que va del a\u00f1o, la Direcci\u00f3n Provincial del Ambiente Santo Domingo de los Ts\u00e1chilas ha capacitado a 717 estudiantes de educaci\u00f3n b\u00e1sica de varias unidades educativas de la provincia, en el marco del proyecto Red Infantil Guardianes del Planeta del Ministerio del Ambiente (MAE). Los funcionarios de la Unidad de Calidad Ambiental se trasladaron a las escuelas de&hellip; <a href=\"https:\/\/www.ambienteyenergia.gob.ec\/ambiente\/red-infantil-guardianes-del-planeta-capacito-a-717-estudiantes-en-santo-domingo-de-los-tsachilas\/\">Read more &rarr;<\/a><\/p>\n","protected":false},"author":13,"featured_media":16339,"comment_status":"open","ping_status":"open","sticky":false,"template":"","format":"standard","meta":{"footnotes":""},"categories":[16,4],"tags":[],"class_list":["post-16338","post","type-post","status-publish","format-standard","has-post-thumbnail","hentry","category-comunicamos","category-noticias","xfolkentry"],"_links":{"self":[{"href":"https:\/\/www.ambienteyenergia.gob.ec\/ambiente\/wp-json\/wp\/v2\/posts\/16338","targetHints":{"allow":["GET"]}}],"collection":[{"href":"https:\/\/www.ambienteyenergia.gob.ec\/ambiente\/wp-json\/wp\/v2\/posts"}],"about":[{"href":"https:\/\/www.ambienteyenergia.gob.ec\/ambiente\/wp-json\/wp\/v2\/types\/post"}],"author":[{"embeddable":true,"href":"https:\/\/www.ambienteyenergia.gob.ec\/ambiente\/wp-json\/wp\/v2\/users\/13"}],"replies":[{"embeddable":true,"href":"https:\/\/www.ambienteyenergia.gob.ec\/ambiente\/wp-json\/wp\/v2\/comments?post=16338"}],"version-history":[{"count":0,"href":"https:\/\/www.ambienteyenergia.gob.ec\/ambiente\/wp-json\/wp\/v2\/posts\/16338\/revisions"}],"wp:featuredmedia":[{"embeddable":true,"href":"https:\/\/www.ambienteyenergia.gob.ec\/ambiente\/wp-json\/wp\/v2\/media\/16339"}],"wp:attachment":[{"href":"https:\/\/www.ambienteyenergia.gob.ec\/ambiente\/wp-json\/wp\/v2\/media?parent=16338"}],"wp:term":[{"taxonomy":"category","embeddable":true,"href":"https:\/\/www.ambienteyenergia.gob.ec\/ambiente\/wp-json\/wp\/v2\/categories?post=16338"},{"taxonomy":"post_tag","embeddable":true,"href":"https:\/\/www.ambienteyenergia.gob.ec\/ambiente\/wp-json\/wp\/v2\/tags?post=16338"}],"curies":[{"name":"wp","href":"https:\/\/api.w.org\/{rel}","templated":true}]}}