{"id":16334,"date":"2013-10-31T15:06:28","date_gmt":"2013-10-31T20:06:28","guid":{"rendered":"http:\/\/www.ambiente.gob.ec\/?p=16334"},"modified":"2013-10-31T15:06:28","modified_gmt":"2013-10-31T20:06:28","slug":"taller-de-politicas-publicas-ambientales-se-enmarco-en-propuestas-afines-al-cambio-de-matriz-productiva","status":"publish","type":"post","link":"https:\/\/www.ambienteyenergia.gob.ec\/ambiente\/taller-de-politicas-publicas-ambientales-se-enmarco-en-propuestas-afines-al-cambio-de-matriz-productiva\/","title":{"rendered":"Taller de pol\u00edticas p\u00fablicas ambientales se enmarc\u00f3 en propuestas afines al cambio de matriz productiva"},"content":{"rendered":"<p style=\"text-align: justify;\">Hoy, se realiz\u00f3 el taller de \u201cPol\u00edticas p\u00fablicas ambientales para un desarrollo sustentable: retos, oportunidades y lecciones aprendidas\u201d, el objetivo fue difundir conocimientos, m\u00e9todos y t\u00e9cnicas relacionadas con la planificaci\u00f3n, implementaci\u00f3n y gesti\u00f3n de pol\u00edticas p\u00fablicas ambientales. El evento se desarroll\u00f3 del 29 al 31 de octubre en el auditorio del Instituto de Altos Estudios Nacionales (IAEN).<\/p>\n<p style=\"text-align: justify;\">Al seminario asistieron expertos en temas ambientales, estudiantes, funcionarios p\u00fablicos y acad\u00e9micos interesados en el tema.<\/p>\n<p style=\"text-align: justify;\">En este espacio, se expusieron distintos puntos de vista en diferentes \u00e1reas relacionadas con el ambiente y el desarrollo sustentable. Asimismo, se busc\u00f3 intercambiar experiencias y entablar di\u00e1logos entre los participantes.<\/p>\n<p style=\"text-align: justify;\">La meta de esta jornada de capacitaciones fue plantear ideas y soluciones para encarar los retos actuales y futuros en materia de pol\u00edticas ambientales y sustentabili\u00addad. Adem\u00e1s, se impuls\u00f3 propuestas concretas que aporten al repensar de la matriz pro\u00adductiva en el Ecuador enmarcado en el programa del Buen Vivir.<\/p>\n<p style=\"text-align: justify;\">En la ponencia de hoy, Juan Antonio Mart\u00edn Ventura, bi\u00f3logo de profesi\u00f3n y funcionario del Servicio de prevenci\u00f3n ambiental y cambio clim\u00e1tico del Principado de Asturias, explic\u00f3 m\u00e1s sobre las pol\u00edticas ambientales locales y regionales. Su exposici\u00f3n se bas\u00f3 en experiencias de su pa\u00eds.<\/p>\n<p style=\"text-align: justify;\">Seg\u00fan informes de las Naciones Unidas, las pol\u00edticas ambientales contribuyen de una forma determinante al bienestar de los ciudadanos. Pero para ello, dichas pol\u00edticas deben se desarrolladas con un car\u00e1cter estrat\u00e9gico enfocado a la sostenibilidad.<\/p>\n<p style=\"text-align: justify;\"><a href=\"http:\/\/www.ambienteyenergia.gob.ec\/ambiente\/wp-content\/uploads\/2013\/10\/IMG_0007.jpg\"><img loading=\"lazy\" decoding=\"async\" class=\"aligncenter size-full wp-image-16335\" title=\"Taller de pol\u00edticas p\u00fablicas ambientales se enmarc\u00f3 en propuestas afines al cambio de matriz productiva\" src=\"http:\/\/www.ambienteyenergia.gob.ec\/ambiente\/wp-content\/uploads\/2013\/10\/IMG_0007.jpg\" alt=\"\" width=\"650\" height=\"433\" srcset=\"https:\/\/www.ambienteyenergia.gob.ec\/ambiente\/wp-content\/uploads\/sites\/2\/2013\/10\/IMG_0007.jpg 650w, https:\/\/www.ambienteyenergia.gob.ec\/ambiente\/wp-content\/uploads\/sites\/2\/2013\/10\/IMG_0007-300x199.jpg 300w, https:\/\/www.ambienteyenergia.gob.ec\/ambiente\/wp-content\/uploads\/sites\/2\/2013\/10\/IMG_0007-450x300.jpg 450w\" sizes=\"auto, (max-width: 650px) 100vw, 650px\" \/><\/a><\/p>\n","protected":false},"excerpt":{"rendered":"<p class=\"excerpt\">Hoy, se realiz\u00f3 el taller de \u201cPol\u00edticas p\u00fablicas ambientales para un desarrollo sustentable: retos, oportunidades y lecciones aprendidas\u201d, el objetivo fue difundir conocimientos, m\u00e9todos y t\u00e9cnicas relacionadas con la planificaci\u00f3n, implementaci\u00f3n y gesti\u00f3n de pol\u00edticas p\u00fablicas ambientales. El evento se desarroll\u00f3 del 29 al 31 de octubre en el auditorio del Instituto de Altos Estudios Nacionales (IAEN). Al seminario asistieron&hellip; <a href=\"https:\/\/www.ambienteyenergia.gob.ec\/ambiente\/taller-de-politicas-publicas-ambientales-se-enmarco-en-propuestas-afines-al-cambio-de-matriz-productiva\/\">Read more &rarr;<\/a><\/p>\n","protected":false},"author":13,"featured_media":16336,"comment_status":"open","ping_status":"open","sticky":false,"template":"","format":"standard","meta":{"footnotes":""},"categories":[16,4],"tags":[],"class_list":["post-16334","post","type-post","status-publish","format-standard","has-post-thumbnail","hentry","category-comunicamos","category-noticias","xfolkentry"],"_links":{"self":[{"href":"https:\/\/www.ambienteyenergia.gob.ec\/ambiente\/wp-json\/wp\/v2\/posts\/16334","targetHints":{"allow":["GET"]}}],"collection":[{"href":"https:\/\/www.ambienteyenergia.gob.ec\/ambiente\/wp-json\/wp\/v2\/posts"}],"about":[{"href":"https:\/\/www.ambienteyenergia.gob.ec\/ambiente\/wp-json\/wp\/v2\/types\/post"}],"author":[{"embeddable":true,"href":"https:\/\/www.ambienteyenergia.gob.ec\/ambiente\/wp-json\/wp\/v2\/users\/13"}],"replies":[{"embeddable":true,"href":"https:\/\/www.ambienteyenergia.gob.ec\/ambiente\/wp-json\/wp\/v2\/comments?post=16334"}],"version-history":[{"count":0,"href":"https:\/\/www.ambienteyenergia.gob.ec\/ambiente\/wp-json\/wp\/v2\/posts\/16334\/revisions"}],"wp:featuredmedia":[{"embeddable":true,"href":"https:\/\/www.ambienteyenergia.gob.ec\/ambiente\/wp-json\/wp\/v2\/media\/16336"}],"wp:attachment":[{"href":"https:\/\/www.ambienteyenergia.gob.ec\/ambiente\/wp-json\/wp\/v2\/media?parent=16334"}],"wp:term":[{"taxonomy":"category","embeddable":true,"href":"https:\/\/www.ambienteyenergia.gob.ec\/ambiente\/wp-json\/wp\/v2\/categories?post=16334"},{"taxonomy":"post_tag","embeddable":true,"href":"https:\/\/www.ambienteyenergia.gob.ec\/ambiente\/wp-json\/wp\/v2\/tags?post=16334"}],"curies":[{"name":"wp","href":"https:\/\/api.w.org\/{rel}","templated":true}]}}