{"id":16330,"date":"2013-10-31T12:07:55","date_gmt":"2013-10-31T17:07:55","guid":{"rendered":"http:\/\/www.ambiente.gob.ec\/?p=16330"},"modified":"2013-10-31T12:08:12","modified_gmt":"2013-10-31T17:08:12","slug":"mae-detecto-desforestacion-de-1-7-hectareas-de-manglar-en-san-antonio-de-chone","status":"publish","type":"post","link":"https:\/\/www.ambienteyenergia.gob.ec\/ambiente\/mae-detecto-desforestacion-de-1-7-hectareas-de-manglar-en-san-antonio-de-chone\/","title":{"rendered":"MAE detect\u00f3 desforestaci\u00f3n de 1.7 hect\u00e1reas de manglar en San Antonio de Chone"},"content":{"rendered":"<p style=\"text-align: justify;\">El pasado viernes, luego de una denuncia presentada por habitantes del sitio Baquero de la parroquia San Antonio del cant\u00f3n Chone, sobre la tala de cientos de \u00e1rboles de manglar en las camaroneras Telsum y Rostr\u00fam, t\u00e9cnicos del Ministerio del Ambiente (MAE) realizaron una inspecci\u00f3n para verificar los hechos.<\/p>\n<p style=\"text-align: justify;\">Esta actividad fue efectuada en compa\u00f1\u00eda del fiscal de delitos acu\u00e1ticos de Sucre, Jos\u00e9 Roldan Pinargote, Polic\u00edas de la Unidad de Protecci\u00f3n\u00a0 del Medio Ambiente (UPMA)\u00a0 y activistas de la Corporaci\u00f3n Coordinadora Nacional para la Defensa del Ecosistema Manglar (C-CONDEM), previo a la orden constitucional de allanamiento.<\/p>\n<p style=\"text-align: justify;\">En el sitio, Otto Laman Veintimilla administrador de las camaroneras manifest\u00f3 que los trabajos tuvieron el objetivo de limpiar los muros y canales adyacentes a las piscinas, debido a que era dif\u00edcil transitar. Adem\u00e1s, indic\u00f3 que no ten\u00eda ning\u00fan permiso del Ministerio del Ambiente para efectuar la tarea.<\/p>\n<p style=\"text-align: justify;\">\u00c1ngelo Traverso, Director Provincial de Ambiente de Manab\u00ed, inform\u00f3 que de acuerdo con un informe preliminar\u00a0 emitido por t\u00e9cnicos del MAE, se evidencio la tala al manglar en las especies Negro (Avicenia germinans), Blanco (Laguncularia racemosa), constatando afecci\u00f3n al manglar y al ecosistema en una extensi\u00f3n de 1.7 hect\u00e1reas, debido a que\u00a0 la labor fue realizada con maquinaria pesada. Seg\u00fan la Ley de protecci\u00f3n de manglares es prohibido el tr\u00e1nsito\u00a0 de\u00a0 equipos pesados en sectores como el afectado.<\/p>\n<p style=\"text-align: justify;\">Asimismo, el funcionario inform\u00f3 que el departamento jur\u00eddico de la Cartera de Estado\u00a0 va a iniciar el expediente administrativo correspondiente, adem\u00e1s de comparecer ante la Fiscal\u00eda de delitos acu\u00e1ticos, porque existe una indagaci\u00f3n previa por el delito ambiental que se cometi\u00f3.<\/p>\n<p style=\"text-align: justify;\">La Ley Forestal proh\u00edbe la poda, tala, descortezamiento, destrucci\u00f3n, alteraci\u00f3n, transformaci\u00f3n,\u00a0 adquisici\u00f3n, transportaci\u00f3n, comercializaci\u00f3n, o utilizaci\u00f3n de los bosques de\u00a0 \u00e1reas\u00a0 de\u00a0 mangle y establece multas hasta por USD. 89.273\u00a0 por tala de manglar, seg\u00fan la Resoluci\u00f3n 056 de 28 de enero de 2011.<\/p>\n<p style=\"text-align: justify;\">Activistas de la Corporaci\u00f3n Coordinadora Nacional para la Defensa del Ecosistema Manglar (C-CONDEM) mostraron su preocupaci\u00f3n debido a que la tal\u00f3\u00a0 sin tomar las debidas medidas de precauci\u00f3n, en el sector a\u00fan se evidencia el trabajo realizado durante varias semanas con \u00e1rboles peque\u00f1os\u00a0 y grandes en las riveras de las piscinas.<\/p>\n<p style=\"text-align: justify;\">Organizaciones, comunidades ancestrales y pueblos del ecosistema manglar han denunciado ante las autoridades que parte de la reforestaci\u00f3n de mangle realizada por la industria camaronera se ha efectuado en playones y en lugares no aptos, lo que fue comprado en una visita realizada en el Estuario del R\u00edo Chone por la Corporaci\u00f3n Coordinadora Nacional para la Defensa del Ecosistema Manglar (CCONDEM).<\/p>\n","protected":false},"excerpt":{"rendered":"<p class=\"excerpt\">El pasado viernes, luego de una denuncia presentada por habitantes del sitio Baquero de la parroquia San Antonio del cant\u00f3n Chone, sobre la tala de cientos de \u00e1rboles de manglar en las camaroneras Telsum y Rostr\u00fam, t\u00e9cnicos del Ministerio del Ambiente (MAE) realizaron una inspecci\u00f3n para verificar los hechos. Esta actividad fue efectuada en compa\u00f1\u00eda del fiscal de delitos acu\u00e1ticos&hellip; <a href=\"https:\/\/www.ambienteyenergia.gob.ec\/ambiente\/mae-detecto-desforestacion-de-1-7-hectareas-de-manglar-en-san-antonio-de-chone\/\">Read more &rarr;<\/a><\/p>\n","protected":false},"author":13,"featured_media":16331,"comment_status":"open","ping_status":"open","sticky":false,"template":"","format":"standard","meta":{"footnotes":""},"categories":[16,4],"tags":[],"class_list":["post-16330","post","type-post","status-publish","format-standard","has-post-thumbnail","hentry","category-comunicamos","category-noticias","xfolkentry"],"_links":{"self":[{"href":"https:\/\/www.ambienteyenergia.gob.ec\/ambiente\/wp-json\/wp\/v2\/posts\/16330","targetHints":{"allow":["GET"]}}],"collection":[{"href":"https:\/\/www.ambienteyenergia.gob.ec\/ambiente\/wp-json\/wp\/v2\/posts"}],"about":[{"href":"https:\/\/www.ambienteyenergia.gob.ec\/ambiente\/wp-json\/wp\/v2\/types\/post"}],"author":[{"embeddable":true,"href":"https:\/\/www.ambienteyenergia.gob.ec\/ambiente\/wp-json\/wp\/v2\/users\/13"}],"replies":[{"embeddable":true,"href":"https:\/\/www.ambienteyenergia.gob.ec\/ambiente\/wp-json\/wp\/v2\/comments?post=16330"}],"version-history":[{"count":0,"href":"https:\/\/www.ambienteyenergia.gob.ec\/ambiente\/wp-json\/wp\/v2\/posts\/16330\/revisions"}],"wp:featuredmedia":[{"embeddable":true,"href":"https:\/\/www.ambienteyenergia.gob.ec\/ambiente\/wp-json\/wp\/v2\/media\/16331"}],"wp:attachment":[{"href":"https:\/\/www.ambienteyenergia.gob.ec\/ambiente\/wp-json\/wp\/v2\/media?parent=16330"}],"wp:term":[{"taxonomy":"category","embeddable":true,"href":"https:\/\/www.ambienteyenergia.gob.ec\/ambiente\/wp-json\/wp\/v2\/categories?post=16330"},{"taxonomy":"post_tag","embeddable":true,"href":"https:\/\/www.ambienteyenergia.gob.ec\/ambiente\/wp-json\/wp\/v2\/tags?post=16330"}],"curies":[{"name":"wp","href":"https:\/\/api.w.org\/{rel}","templated":true}]}}