{"id":16319,"date":"2013-10-30T16:04:29","date_gmt":"2013-10-30T21:04:29","guid":{"rendered":"http:\/\/www.ambiente.gob.ec\/?p=16319"},"modified":"2013-10-30T16:04:29","modified_gmt":"2013-10-30T21:04:29","slug":"mae-organizo-dialogo-nacional-sobre-cambio-climatico","status":"publish","type":"post","link":"https:\/\/www.ambienteyenergia.gob.ec\/ambiente\/mae-organizo-dialogo-nacional-sobre-cambio-climatico\/","title":{"rendered":"MAE organiz\u00f3 Di\u00e1logo Nacional sobre Cambio Clim\u00e1tico"},"content":{"rendered":"<p style=\"text-align: justify;\">Ayer, se desarroll\u00f3 en Quito, el primer \u201cDi\u00e1logo Nacional sobre Cambio Clim\u00e1tico hacia un acuerdo 2015\u201d, evento organizado por los Ministerios del Ambiente y de Relaciones Exteriores, la Uni\u00f3n Internacional para la Conservaci\u00f3n de la Naturaleza (UICN) y la Fundaci\u00f3n Futuro Latinoamericano (FLAA).<\/p>\n<p style=\"text-align: justify;\">Este Di\u00e1logo busc\u00f3 crear un proceso participativo entre el Gobierno, actores y sectores involucrados en la tem\u00e1tica de cambio clim\u00e1tico, cuya visi\u00f3n es concretar una agenda conjunta que permita impulsar los intereses y propuestas nacionales hacia un acuerdo global sobre cambio clim\u00e1tico, que deber\u00e1 ser aprobado a nivel internacional en el a\u00f1o 2015.<\/p>\n<p style=\"text-align: justify;\">Eduardo Noboa, Subsecretario de Cambio Clim\u00e1tico, inaugur\u00f3 este evento y destac\u00f3 la gesti\u00f3n del MAE en cuanto a temas de cambio clim\u00e1tico en el Ecuador. Adem\u00e1s, resalt\u00f3 que \u201ctodos tendr\u00e1n que lidiar con los efectos que el cambio clim\u00e1tico presente en nuestras vidas, los pa\u00edses del mundo debemos responder bajo el principio de las responsabilidades comunes pero diferenciadas, en concordancia con nuestros niveles de contaminaci\u00f3n y nuestras capacidades\u201d.<\/p>\n<p style=\"text-align: justify;\">Asimismo, Noboa expuso sobre la importancia de articular la gesti\u00f3n del cambio clim\u00e1tico a nivel nacional, se\u00f1alando que el Ministerio del Ambiente del Ecuador (MAE) cre\u00f3 hace tres a\u00f1os la Subsecretaria de Cambio Clim\u00e1tico, la misma que trabaja de manera coordinada con otras instituciones en la preservaci\u00f3n de p\u00e1ramos, glaciares, cuencas hidrogr\u00e1ficas, adem\u00e1s de dise\u00f1ar acciones para promover procesos de agricultura sostenible, seguridad alimentaria, manejo sostenible de los suelos, manejo responsable de los bosques; y la reducci\u00f3n de la vulnerabilidad y aumento de resiliencia en poblaciones sensibles, a trav\u00e9s de programas y proyectos de adaptaci\u00f3n y mitigaci\u00f3n.<\/p>\n<p style=\"text-align: justify;\">Tambi\u00e9n, manifest\u00f3 que se promueven medidas de mitigaci\u00f3n para apoyar a la reducci\u00f3n de emisiones de gases contaminantes, buscando fortalecer la implementaci\u00f3n del uso de energ\u00edas limpias, el ahorro y uso racional de energ\u00eda, en miras de apoyar a la reducci\u00f3n,\u00a0 utilizaci\u00f3n y dependencia de combustibles f\u00f3siles.<\/p>\n<p style=\"text-align: justify;\">La posici\u00f3n nacional, se enmarca en la hoja de ruta de Bali, que implica cinco \u00e1reas prioritarias, como son adaptaci\u00f3n, mitigacion, financiamiento, fortalecimiento de capacidades y transferencia tecnol\u00f3gica. Ecuador aboga principalmente por la operacionalizaci\u00f3n de mecanismos de implementaci\u00f3n como lo son el financiamiento, el fortalecimiento de capacidades end\u00f3genas y la transferencia tecnol\u00f3gica, mediante los cuales se pueden desarrollar efectivamente los proyectos de mitigaci\u00f3n y adaptaci\u00f3n determinados por el pa\u00eds.<\/p>\n<p style=\"text-align: justify;\"><strong>Dato:<\/strong><\/p>\n<p style=\"text-align: justify;\">Las emisiones de gases efecto invernadero (GEI) del Ecuador son menores al uno por mil de las emisiones globales.<\/p>\n","protected":false},"excerpt":{"rendered":"<p class=\"excerpt\">Ayer, se desarroll\u00f3 en Quito, el primer \u201cDi\u00e1logo Nacional sobre Cambio Clim\u00e1tico hacia un acuerdo 2015\u201d, evento organizado por los Ministerios del Ambiente y de Relaciones Exteriores, la Uni\u00f3n Internacional para la Conservaci\u00f3n de la Naturaleza (UICN) y la Fundaci\u00f3n Futuro Latinoamericano (FLAA). Este Di\u00e1logo busc\u00f3 crear un proceso participativo entre el Gobierno, actores y sectores involucrados en la tem\u00e1tica&hellip; <a href=\"https:\/\/www.ambienteyenergia.gob.ec\/ambiente\/mae-organizo-dialogo-nacional-sobre-cambio-climatico\/\">Read more &rarr;<\/a><\/p>\n","protected":false},"author":13,"featured_media":16320,"comment_status":"open","ping_status":"open","sticky":false,"template":"","format":"standard","meta":{"footnotes":""},"categories":[16,4],"tags":[],"class_list":["post-16319","post","type-post","status-publish","format-standard","has-post-thumbnail","hentry","category-comunicamos","category-noticias","xfolkentry"],"_links":{"self":[{"href":"https:\/\/www.ambienteyenergia.gob.ec\/ambiente\/wp-json\/wp\/v2\/posts\/16319","targetHints":{"allow":["GET"]}}],"collection":[{"href":"https:\/\/www.ambienteyenergia.gob.ec\/ambiente\/wp-json\/wp\/v2\/posts"}],"about":[{"href":"https:\/\/www.ambienteyenergia.gob.ec\/ambiente\/wp-json\/wp\/v2\/types\/post"}],"author":[{"embeddable":true,"href":"https:\/\/www.ambienteyenergia.gob.ec\/ambiente\/wp-json\/wp\/v2\/users\/13"}],"replies":[{"embeddable":true,"href":"https:\/\/www.ambienteyenergia.gob.ec\/ambiente\/wp-json\/wp\/v2\/comments?post=16319"}],"version-history":[{"count":0,"href":"https:\/\/www.ambienteyenergia.gob.ec\/ambiente\/wp-json\/wp\/v2\/posts\/16319\/revisions"}],"wp:featuredmedia":[{"embeddable":true,"href":"https:\/\/www.ambienteyenergia.gob.ec\/ambiente\/wp-json\/wp\/v2\/media\/16320"}],"wp:attachment":[{"href":"https:\/\/www.ambienteyenergia.gob.ec\/ambiente\/wp-json\/wp\/v2\/media?parent=16319"}],"wp:term":[{"taxonomy":"category","embeddable":true,"href":"https:\/\/www.ambienteyenergia.gob.ec\/ambiente\/wp-json\/wp\/v2\/categories?post=16319"},{"taxonomy":"post_tag","embeddable":true,"href":"https:\/\/www.ambienteyenergia.gob.ec\/ambiente\/wp-json\/wp\/v2\/tags?post=16319"}],"curies":[{"name":"wp","href":"https:\/\/api.w.org\/{rel}","templated":true}]}}