{"id":16304,"date":"2013-10-30T14:08:40","date_gmt":"2013-10-30T19:08:40","guid":{"rendered":"http:\/\/www.ambiente.gob.ec\/?p=16304"},"modified":"2013-10-31T15:43:13","modified_gmt":"2013-10-31T20:43:13","slug":"mae-retuvo-producto-forestal-en-un-centro-de-acopio-en-esmeraldas","status":"publish","type":"post","link":"https:\/\/www.ambienteyenergia.gob.ec\/ambiente\/mae-retuvo-producto-forestal-en-un-centro-de-acopio-en-esmeraldas\/","title":{"rendered":"MAE retuvo producto forestal en un centro de acopio en Esmeraldas"},"content":{"rendered":"<p style=\"text-align: justify;\">El Ministerio del Ambiente (MAE), a trav\u00e9s de su Direcci\u00f3n Provincial de Esmeraldas, procedi\u00f3 ayer a la detenci\u00f3n de madera del centro de acopio del sector Punta de Piedra, en la parroquia Borb\u00f3n del cant\u00f3n Eloy Alfaro. El producto forestal estaba listo para su embarque y comercializaci\u00f3n a otras ciudades del pa\u00eds.<\/p>\n<p style=\"text-align: justify;\">El allanamiento lo realiz\u00f3 el Comando Naval de Operaciones Norte (Coopno), con la presencia del Agente Fiscal de Atacames \u2013 Muisne, Luis Gonz\u00e1les Moncayo, en base a la orden judicial de Tito Robles Santana, juez temporal del Juzgado Cuarto de lo Civil y Mercantil y de Garant\u00edas Penales de Eloy Alfaro.<\/p>\n<p style=\"text-align: justify;\">La retenci\u00f3n de la madera se sustenta en el informe del Coopno, cuyos indicios se\u00f1ala que este producto proviene de la deforestaci\u00f3n del \u00a0bosque nativo y regeneraci\u00f3n natural.<\/p>\n<p style=\"text-align: justify;\">\u00a0Este centro de acopio fue intervenido el pasado 9 de Octubre, pero sus propietarios continuaron comercializando madera, acci\u00f3n que est\u00e1 prohibida hasta auditar y verificar todos los permisos otorgados por el Ministerio de Ambiente para dicha actividad, manifest\u00f3 Narcisa C\u00e1rdenas, Directora Provincial de Esmeraldas.<\/p>\n<p style=\"text-align: justify;\">Uno de los propietarios de este centro de acopio, David Rosero Castillo, reconoci\u00f3 haber incumplido con estos procedimientos para movilizar y comercializar la madera, al igual que otros comerciantes, quienes se comprometieron realizar los tr\u00e1mites en la Oficina T\u00e9cnica del Ministerio del Ambiente, en Borb\u00f3n.<\/p>\n<p style=\"text-align: justify;\">La madera retenida fue transportada en veinte camiones trailers hasta las bodegas en Imbabura. En este operativo especial m\u00f3vil participaron unos 200 efectivos de las Fuerzas Armadas y la Polic\u00eda, al mando del Grupo Especiales de Operaciones (GEO) No. 14, dirigidos por el comandante Erick de Vacas Tr\u00e1vez. Este el cuarto operativo m\u00f3vil especial que se realiza en la provincia de Esmeraldas en base al Estado de Excepci\u00f3n, para neutralizar la tala ilegal del bosque.<\/p>\n<div id='gallery-1' class='gallery galleryid-16304 gallery-columns-4 gallery-size-thumbnail'><dl class='gallery-item'>\n\t\t\t<dt class='gallery-icon landscape'>\n\t\t\t\t<a href='https:\/\/www.ambienteyenergia.gob.ec\/ambiente\/mae-retuvo-producto-forestal-en-un-centro-de-acopio-en-esmeraldas\/con-el-fiscal-luis-gonzales-moncayo-en-punta-de-piedra\/'><img loading=\"lazy\" decoding=\"async\" width=\"150\" height=\"150\" src=\"https:\/\/www.ambienteyenergia.gob.ec\/ambiente\/wp-content\/uploads\/sites\/2\/2013\/10\/Con-el-Fiscal-luis-Gonz\u00e1les-Moncayo-en-Punta-de-Piedra-150x150.jpg\" class=\"attachment-thumbnail size-thumbnail\" alt=\"\" \/><\/a>\n\t\t\t<\/dt><\/dl><dl class='gallery-item'>\n\t\t\t<dt class='gallery-icon landscape'>\n\t\t\t\t<a href='https:\/\/www.ambienteyenergia.gob.ec\/ambiente\/mae-retuvo-producto-forestal-en-un-centro-de-acopio-en-esmeraldas\/embarque-de-madera-punta-de-piedra\/'><img loading=\"lazy\" decoding=\"async\" width=\"150\" height=\"150\" src=\"https:\/\/www.ambienteyenergia.gob.ec\/ambiente\/wp-content\/uploads\/sites\/2\/2013\/10\/Embarque-de-Madera-Punta-de-Piedra-150x150.jpg\" class=\"attachment-thumbnail size-thumbnail\" alt=\"\" \/><\/a>\n\t\t\t<\/dt><\/dl><dl class='gallery-item'>\n\t\t\t<dt class='gallery-icon landscape'>\n\t\t\t\t<a href='https:\/\/www.ambienteyenergia.gob.ec\/ambiente\/mae-retuvo-producto-forestal-en-un-centro-de-acopio-en-esmeraldas\/1-65\/'><img loading=\"lazy\" decoding=\"async\" width=\"150\" height=\"150\" src=\"https:\/\/www.ambienteyenergia.gob.ec\/ambiente\/wp-content\/uploads\/sites\/2\/2013\/10\/16-150x150.jpg\" class=\"attachment-thumbnail size-thumbnail\" alt=\"\" \/><\/a>\n\t\t\t<\/dt><\/dl><dl class='gallery-item'>\n\t\t\t<dt class='gallery-icon landscape'>\n\t\t\t\t<a href='https:\/\/www.ambienteyenergia.gob.ec\/ambiente\/mae-retuvo-producto-forestal-en-un-centro-de-acopio-en-esmeraldas\/madera-almacenada-en-punta-de-piedra\/'><img loading=\"lazy\" decoding=\"async\" width=\"150\" height=\"150\" src=\"https:\/\/www.ambienteyenergia.gob.ec\/ambiente\/wp-content\/uploads\/sites\/2\/2013\/10\/Madera-almacenada-en-Punta-de-Piedra-150x150.jpg\" class=\"attachment-thumbnail size-thumbnail\" alt=\"\" \/><\/a>\n\t\t\t<\/dt><\/dl><br style=\"clear: both\" \/><dl class='gallery-item'>\n\t\t\t<dt class='gallery-icon landscape'>\n\t\t\t\t<a href='https:\/\/www.ambienteyenergia.gob.ec\/ambiente\/mae-retuvo-producto-forestal-en-un-centro-de-acopio-en-esmeraldas\/madera-encontrada-en-punta-de-piedra\/'><img loading=\"lazy\" decoding=\"async\" width=\"150\" height=\"150\" src=\"https:\/\/www.ambienteyenergia.gob.ec\/ambiente\/wp-content\/uploads\/sites\/2\/2013\/10\/Madera-encontrada-en-Punta-de-Piedra-150x150.jpg\" class=\"attachment-thumbnail size-thumbnail\" alt=\"\" \/><\/a>\n\t\t\t<\/dt><\/dl><dl class='gallery-item'>\n\t\t\t<dt class='gallery-icon landscape'>\n\t\t\t\t<a href='https:\/\/www.ambienteyenergia.gob.ec\/ambiente\/mae-retuvo-producto-forestal-en-un-centro-de-acopio-en-esmeraldas\/madera-ilegal-punta-de-piedra\/'><img loading=\"lazy\" decoding=\"async\" width=\"150\" height=\"150\" src=\"https:\/\/www.ambienteyenergia.gob.ec\/ambiente\/wp-content\/uploads\/sites\/2\/2013\/10\/Madera-ilegal-Punta-de-Piedra-150x150.jpg\" class=\"attachment-thumbnail size-thumbnail\" alt=\"\" \/><\/a>\n\t\t\t<\/dt><\/dl>\n\t\t\t<br style='clear: both' \/>\n\t\t<\/div>\n\n","protected":false},"excerpt":{"rendered":"<p class=\"excerpt\">El Ministerio del Ambiente (MAE), a trav\u00e9s de su Direcci\u00f3n Provincial de Esmeraldas, procedi\u00f3 ayer a la detenci\u00f3n de madera del centro de acopio del sector Punta de Piedra, en la parroquia Borb\u00f3n del cant\u00f3n Eloy Alfaro. El producto forestal estaba listo para su embarque y comercializaci\u00f3n a otras ciudades del pa\u00eds. El allanamiento lo realiz\u00f3 el Comando Naval de&hellip; <a href=\"https:\/\/www.ambienteyenergia.gob.ec\/ambiente\/mae-retuvo-producto-forestal-en-un-centro-de-acopio-en-esmeraldas\/\">Read more &rarr;<\/a><\/p>\n","protected":false},"author":13,"featured_media":16308,"comment_status":"open","ping_status":"open","sticky":false,"template":"","format":"standard","meta":{"footnotes":""},"categories":[16,4],"tags":[],"class_list":["post-16304","post","type-post","status-publish","format-standard","has-post-thumbnail","hentry","category-comunicamos","category-noticias","xfolkentry"],"_links":{"self":[{"href":"https:\/\/www.ambienteyenergia.gob.ec\/ambiente\/wp-json\/wp\/v2\/posts\/16304","targetHints":{"allow":["GET"]}}],"collection":[{"href":"https:\/\/www.ambienteyenergia.gob.ec\/ambiente\/wp-json\/wp\/v2\/posts"}],"about":[{"href":"https:\/\/www.ambienteyenergia.gob.ec\/ambiente\/wp-json\/wp\/v2\/types\/post"}],"author":[{"embeddable":true,"href":"https:\/\/www.ambienteyenergia.gob.ec\/ambiente\/wp-json\/wp\/v2\/users\/13"}],"replies":[{"embeddable":true,"href":"https:\/\/www.ambienteyenergia.gob.ec\/ambiente\/wp-json\/wp\/v2\/comments?post=16304"}],"version-history":[{"count":0,"href":"https:\/\/www.ambienteyenergia.gob.ec\/ambiente\/wp-json\/wp\/v2\/posts\/16304\/revisions"}],"wp:featuredmedia":[{"embeddable":true,"href":"https:\/\/www.ambienteyenergia.gob.ec\/ambiente\/wp-json\/wp\/v2\/media\/16308"}],"wp:attachment":[{"href":"https:\/\/www.ambienteyenergia.gob.ec\/ambiente\/wp-json\/wp\/v2\/media?parent=16304"}],"wp:term":[{"taxonomy":"category","embeddable":true,"href":"https:\/\/www.ambienteyenergia.gob.ec\/ambiente\/wp-json\/wp\/v2\/categories?post=16304"},{"taxonomy":"post_tag","embeddable":true,"href":"https:\/\/www.ambienteyenergia.gob.ec\/ambiente\/wp-json\/wp\/v2\/tags?post=16304"}],"curies":[{"name":"wp","href":"https:\/\/api.w.org\/{rel}","templated":true}]}}