{"id":16282,"date":"2013-10-30T08:49:06","date_gmt":"2013-10-30T13:49:06","guid":{"rendered":"http:\/\/www.ambiente.gob.ec\/?p=16282"},"modified":"2013-10-30T08:49:06","modified_gmt":"2013-10-30T13:49:06","slug":"red-infantil-guardianes-del-planeta-capacito-a-383-estudiantes-de-educacion-basica-en-tungurahua","status":"publish","type":"post","link":"https:\/\/www.ambienteyenergia.gob.ec\/ambiente\/red-infantil-guardianes-del-planeta-capacito-a-383-estudiantes-de-educacion-basica-en-tungurahua\/","title":{"rendered":"Red Infantil Guardianes del Planeta capacit\u00f3 a 383 estudiantes de educaci\u00f3n b\u00e1sica en Tungurahua"},"content":{"rendered":"<p style=\"text-align: justify;\">Durante el mes de octubre, la direcci\u00f3n provincial del Ambiente de Tungurahua capacit\u00f3 a 383 estudiantes de educaci\u00f3n b\u00e1sica de los establecimientos educativos de los cantones\u00a0 Patate, Ba\u00f1os de Agua Santa y de la parroquia rural Talag del cant\u00f3n Tena.<\/p>\n<p style=\"text-align: justify;\">La red Infantil Guardianes del planeta llego a las escuelas de educaci\u00f3n b\u00e1sica Rep\u00fablica de Suiza, Palomino Flores, Pablo Arturo Suarez y del Centro Educativo Comunitario Biling\u00fce B\u00e1sico Jaime Elliot.<\/p>\n<p style=\"text-align: justify;\">En esta ocasi\u00f3n, los funcionarios del Parque Nacional Llanganates, quienes llevan adelante este proyecto de Educaci\u00f3n Ambiental, tuvieron el apoyo de los voluntarios del programa del Servicio Civil Ciudadano de la provincia de Tungurahua, j\u00f3venes que aportaron con\u00a0 actividades l\u00fadicas y entretenidas como la obra de t\u00edteres \u201cMi amigo el Tapir\u201d y dramatizaciones que visualizan la realidad de las ciudades cuando se arroja basura. Estas herramientas han aportado a fijar los conocimientos sobre la conservaci\u00f3n de la biodiversidad.<\/p>\n<p style=\"text-align: justify;\">En Tungurahua, la Red Infantil Guardianes del Planeta pretende cubrir no solo las escuelas de las cabeceras cantonales, sino tambi\u00e9n y como prioridad\u00a0 las escuelas de la zona de influencia al Parque Nacional Llanganates. Esto con el objetivo de fortalecer el cuidado y protecci\u00f3n de los recursos naturales que se encuentran dentro y fuera de las\u00a0 \u00c1reas Protegidas\u00a0 en la provincia.<\/p>\n<p style=\"text-align: justify;\">Si desea que la Red Infantil guardianes del planeta visite su escuela en la provincia de Tungurahua comun\u00edquese al 032 741662 de la oficina administrativa del Parque Nacional Llanganates o al tel\u00e9fono 032 588 442 de la Direcci\u00f3n Provincial del Ambiente Tungurahua.<\/p>\n<p style=\"text-align: justify;\">\n","protected":false},"excerpt":{"rendered":"<p class=\"excerpt\">Durante el mes de octubre, la direcci\u00f3n provincial del Ambiente de Tungurahua capacit\u00f3 a 383 estudiantes de educaci\u00f3n b\u00e1sica de los establecimientos educativos de los cantones\u00a0 Patate, Ba\u00f1os de Agua Santa y de la parroquia rural Talag del cant\u00f3n Tena. La red Infantil Guardianes del planeta llego a las escuelas de educaci\u00f3n b\u00e1sica Rep\u00fablica de Suiza, Palomino Flores, Pablo Arturo&hellip; <a href=\"https:\/\/www.ambienteyenergia.gob.ec\/ambiente\/red-infantil-guardianes-del-planeta-capacito-a-383-estudiantes-de-educacion-basica-en-tungurahua\/\">Read more &rarr;<\/a><\/p>\n","protected":false},"author":13,"featured_media":16283,"comment_status":"open","ping_status":"open","sticky":false,"template":"","format":"standard","meta":{"footnotes":""},"categories":[16,4],"tags":[],"class_list":["post-16282","post","type-post","status-publish","format-standard","has-post-thumbnail","hentry","category-comunicamos","category-noticias","xfolkentry"],"_links":{"self":[{"href":"https:\/\/www.ambienteyenergia.gob.ec\/ambiente\/wp-json\/wp\/v2\/posts\/16282","targetHints":{"allow":["GET"]}}],"collection":[{"href":"https:\/\/www.ambienteyenergia.gob.ec\/ambiente\/wp-json\/wp\/v2\/posts"}],"about":[{"href":"https:\/\/www.ambienteyenergia.gob.ec\/ambiente\/wp-json\/wp\/v2\/types\/post"}],"author":[{"embeddable":true,"href":"https:\/\/www.ambienteyenergia.gob.ec\/ambiente\/wp-json\/wp\/v2\/users\/13"}],"replies":[{"embeddable":true,"href":"https:\/\/www.ambienteyenergia.gob.ec\/ambiente\/wp-json\/wp\/v2\/comments?post=16282"}],"version-history":[{"count":0,"href":"https:\/\/www.ambienteyenergia.gob.ec\/ambiente\/wp-json\/wp\/v2\/posts\/16282\/revisions"}],"wp:featuredmedia":[{"embeddable":true,"href":"https:\/\/www.ambienteyenergia.gob.ec\/ambiente\/wp-json\/wp\/v2\/media\/16283"}],"wp:attachment":[{"href":"https:\/\/www.ambienteyenergia.gob.ec\/ambiente\/wp-json\/wp\/v2\/media?parent=16282"}],"wp:term":[{"taxonomy":"category","embeddable":true,"href":"https:\/\/www.ambienteyenergia.gob.ec\/ambiente\/wp-json\/wp\/v2\/categories?post=16282"},{"taxonomy":"post_tag","embeddable":true,"href":"https:\/\/www.ambienteyenergia.gob.ec\/ambiente\/wp-json\/wp\/v2\/tags?post=16282"}],"curies":[{"name":"wp","href":"https:\/\/api.w.org\/{rel}","templated":true}]}}