{"id":16276,"date":"2013-10-29T16:39:25","date_gmt":"2013-10-29T21:39:25","guid":{"rendered":"http:\/\/www.ambiente.gob.ec\/?p=16276"},"modified":"2013-10-30T12:00:40","modified_gmt":"2013-10-30T17:00:40","slug":"mas-de-200-mil-equipos-celulares-en-desuso-se-recolectaron-hasta-septiembre-del-2013","status":"publish","type":"post","link":"https:\/\/www.ambienteyenergia.gob.ec\/ambiente\/mas-de-200-mil-equipos-celulares-en-desuso-se-recolectaron-hasta-septiembre-del-2013\/","title":{"rendered":"M\u00e1s de 200 mil equipos celulares en desuso se recolectaron hasta septiembre del 2013"},"content":{"rendered":"<p style=\"text-align: justify;\">El Ministerio del Ambiente (MAE) trabaja en temas de prevenci\u00f3n y control de la contaminaci\u00f3n ambiental, a trav\u00e9s de de pol\u00edticas que impulsan el reciclaje. En ese sentido, surge el Acuerdo Ministerial No. 191, en el cual se expide la Pol\u00edtica Nacional de Post-Consumo de Equipos Celulares en Desuso, con el fin de fortalecer el marco normativo y de control respecto a la gesti\u00f3n ambiental de desechos peligrosos y especiales, publicado en el Registro Oficial 881 del 29 de enero de 2013.<\/p>\n<p style=\"text-align: justify;\">El objetivo fundamental es fomentar en los importadores de telefon\u00eda celular un principio de responsabilidad extendida, con el prop\u00f3sito de reducir el impacto ambiental de los sistemas de producci\u00f3n, considerando la gesti\u00f3n integral, reciclaje y disposici\u00f3n final.<\/p>\n<p style=\"text-align: justify;\">El MAE a trav\u00e9s de la Subsecretar\u00eda de Calidad Ambiental, fiscaliza la aplicaci\u00f3n de la Pol\u00edtica de equipos celulares en desuso, a partir de:<\/p>\n<ul style=\"text-align: justify;\">\n<li>La emisi\u00f3n de Registros de Generador de Desechos Peligrosos y Especiales a los importadores y ensambladores de equipos celulares.<\/li>\n<li>El an\u00e1lisis y aprobaci\u00f3n de programas de gesti\u00f3n integral de equipos celulares en desuso, los que deben ser implementados a todas las personas naturales o jur\u00eddicas, p\u00fablicas o privadas, nacionales o extranjeras, que dentro del territorio nacional tengan la figura legal de importador o fabricante de equipos celulares. Siendo las operadoras del servicio m\u00f3vil, distribuidores, comercializadores, puntos de venta autorizados y usuarios finales corresponsables de la implementaci\u00f3n y ejecuci\u00f3n de los mismos.<\/li>\n<\/ul>\n<p style=\"text-align: justify;\">El MAE inicialmente plante\u00f3 una meta anual de recolecci\u00f3n de equipos celulares de 58 mil equipos aproximadamente. Sin embargo, hasta septiembre del 2013 se ha triplicado, alcanzando el 350.86% que corresponde a 205 203 equipos celulares en desuso recolectados por los importadores gracias a la implementaci\u00f3n de Programas de Gesti\u00f3n impulsados por el Ministerio del Ambiente.<\/p>\n<p><strong>Gr\u00e1fica 1: Expectativa de recolecci\u00f3n para MAE<\/strong><\/p>\n<p><a href=\"http:\/\/www.ambienteyenergia.gob.ec\/ambiente\/wp-content\/uploads\/2013\/10\/Screen-Shot-2013-10-29-at-16.38.04.png\"><img loading=\"lazy\" decoding=\"async\" class=\"aligncenter size-full wp-image-16277\" title=\"Screen Shot 2013-10-29 at 16.38.04\" src=\"http:\/\/www.ambienteyenergia.gob.ec\/ambiente\/wp-content\/uploads\/2013\/10\/Screen-Shot-2013-10-29-at-16.38.04.png\" alt=\"\" width=\"513\" height=\"419\" srcset=\"https:\/\/www.ambienteyenergia.gob.ec\/ambiente\/wp-content\/uploads\/sites\/2\/2013\/10\/Screen-Shot-2013-10-29-at-16.38.04.png 513w, https:\/\/www.ambienteyenergia.gob.ec\/ambiente\/wp-content\/uploads\/sites\/2\/2013\/10\/Screen-Shot-2013-10-29-at-16.38.04-300x245.png 300w, https:\/\/www.ambienteyenergia.gob.ec\/ambiente\/wp-content\/uploads\/sites\/2\/2013\/10\/Screen-Shot-2013-10-29-at-16.38.04-367x300.png 367w\" sizes=\"auto, (max-width: 513px) 100vw, 513px\" \/><\/a><\/p>\n<p style=\"text-align: justify;\">\n","protected":false},"excerpt":{"rendered":"<p class=\"excerpt\">El Ministerio del Ambiente (MAE) trabaja en temas de prevenci\u00f3n y control de la contaminaci\u00f3n ambiental, a trav\u00e9s de de pol\u00edticas que impulsan el reciclaje. En ese sentido, surge el Acuerdo Ministerial No. 191, en el cual se expide la Pol\u00edtica Nacional de Post-Consumo de Equipos Celulares en Desuso, con el fin de fortalecer el marco normativo y de control&hellip; <a href=\"https:\/\/www.ambienteyenergia.gob.ec\/ambiente\/mas-de-200-mil-equipos-celulares-en-desuso-se-recolectaron-hasta-septiembre-del-2013\/\">Read more &rarr;<\/a><\/p>\n","protected":false},"author":13,"featured_media":16280,"comment_status":"open","ping_status":"open","sticky":false,"template":"","format":"standard","meta":{"footnotes":""},"categories":[16,4],"tags":[],"class_list":["post-16276","post","type-post","status-publish","format-standard","has-post-thumbnail","hentry","category-comunicamos","category-noticias","xfolkentry"],"_links":{"self":[{"href":"https:\/\/www.ambienteyenergia.gob.ec\/ambiente\/wp-json\/wp\/v2\/posts\/16276","targetHints":{"allow":["GET"]}}],"collection":[{"href":"https:\/\/www.ambienteyenergia.gob.ec\/ambiente\/wp-json\/wp\/v2\/posts"}],"about":[{"href":"https:\/\/www.ambienteyenergia.gob.ec\/ambiente\/wp-json\/wp\/v2\/types\/post"}],"author":[{"embeddable":true,"href":"https:\/\/www.ambienteyenergia.gob.ec\/ambiente\/wp-json\/wp\/v2\/users\/13"}],"replies":[{"embeddable":true,"href":"https:\/\/www.ambienteyenergia.gob.ec\/ambiente\/wp-json\/wp\/v2\/comments?post=16276"}],"version-history":[{"count":0,"href":"https:\/\/www.ambienteyenergia.gob.ec\/ambiente\/wp-json\/wp\/v2\/posts\/16276\/revisions"}],"wp:featuredmedia":[{"embeddable":true,"href":"https:\/\/www.ambienteyenergia.gob.ec\/ambiente\/wp-json\/wp\/v2\/media\/16280"}],"wp:attachment":[{"href":"https:\/\/www.ambienteyenergia.gob.ec\/ambiente\/wp-json\/wp\/v2\/media?parent=16276"}],"wp:term":[{"taxonomy":"category","embeddable":true,"href":"https:\/\/www.ambienteyenergia.gob.ec\/ambiente\/wp-json\/wp\/v2\/categories?post=16276"},{"taxonomy":"post_tag","embeddable":true,"href":"https:\/\/www.ambienteyenergia.gob.ec\/ambiente\/wp-json\/wp\/v2\/tags?post=16276"}],"curies":[{"name":"wp","href":"https:\/\/api.w.org\/{rel}","templated":true}]}}