{"id":16265,"date":"2013-10-29T11:17:25","date_gmt":"2013-10-29T16:17:25","guid":{"rendered":"http:\/\/www.ambiente.gob.ec\/?p=16265"},"modified":"2013-10-29T11:17:25","modified_gmt":"2013-10-29T16:17:25","slug":"mae-desmiente-declaraciones-de-agencia-bloomberg-sobre-tratamiento-de-pasivos-ambientales","status":"publish","type":"post","link":"https:\/\/www.ambienteyenergia.gob.ec\/ambiente\/mae-desmiente-declaraciones-de-agencia-bloomberg-sobre-tratamiento-de-pasivos-ambientales\/","title":{"rendered":"MAE desmiente declaraciones de agencia Bloomberg sobre tratamiento de pasivos ambientales"},"content":{"rendered":"<p style=\"text-align: justify;\">El Ministerio del Ambiente desmiente la informaci\u00f3n de un reportaje de la agencia Bloomberg, publicada el 22 de octubre de 2013, en la cual se manifiesta que el Ecuador no ha hecho nada por los pasivos ambientales generados por la actividad hidrocarbur\u00edfera, y que seg\u00fan este art\u00edculo, la empresa estatal E.P. Petroecuador ha sido responsable de contaminar con petr\u00f3leo a\u00f1os despu\u00e9s del cierre de operaciones de la empresa Texaco.<\/p>\n<p style=\"text-align: justify;\">Es responsabilidad de esta Secretar\u00eda de Estado informar a la ciudadan\u00eda con la verdad y \u00a0explicar que no hay\u00a0 falta de acci\u00f3n por parte del Gobierno; el hecho de que existiera un juicio privado entre 1999 y 2012 entre ciudadanos ecuatorianos y la empresa TEXACO, hace que los pasivos ambientales y sociales dejados por TEXACO entre 1964 y 1992 se convirtieran en pruebas legales de un manejo irresponsable por parte de la empresa durante sus operaciones de extracci\u00f3n petrolera en la Amazon\u00eda, por lo que el Estado no pod\u00eda intervenir sobre dichos pasivos.<\/p>\n<p style=\"text-align: justify;\">La Constituci\u00f3n de 2008 establece el marco necesario para que el Estado pueda intervenir de manera subsidiaria en la reparaci\u00f3n de pasivos ambientales cuya responsabilidad le es ajena, gracias a los principios fundamentales que garantizan los derechos a la poblaci\u00f3n a vivir en un ambiente sano, as\u00ed como el Derecho de la Naturaleza a la reparaci\u00f3n; Petroecuador desde el a\u00f1o 2008 ha remediado 700 piscinas, y 11 de ellas forman parte del Plan de Remediaci\u00f3n de TEXACO. Esto prueba, adem\u00e1s, que esas piscinas que Texaco report\u00f3 como remediadas en realidad no lo estaban.<\/p>\n<p style=\"text-align: justify;\">Seg\u00fan el\u00a0 Sr. Emilio Palacio, citado en el art\u00edculo de la agencia Bloomberg, \u00a0la empresa petrolera estatal continu\u00f3 arrojando crudo incluso en la piscina en la que el Presidente Correa meti\u00f3 su mano para iniciar la campa\u00f1a \u201cLa Mano Sucia de Chevron\u201d. Habr\u00eda que preguntarse qu\u00e9 clase de documentos posee Palacio para demostrar esta aseveraci\u00f3n, debido a que E. P. Petroecuador desde el 2003, en el pozo Aguarico 4, s\u00f3lo ha realizado acciones de reinyecci\u00f3n de aguas de formaci\u00f3n. Adem\u00e1s entre 1974 y 1986, TEXACO fue el \u00fanico operador de ese pozo utiliz\u00e1ndolo como un pozo de extracci\u00f3n de crudo. Por lo tanto, todas las piscinas asociadas a esa plataforma, y la contaminaci\u00f3n de los cuerpos de agua, acu\u00edferos y suelos asociados, son de \u00fanica responsabilidad de TEXACO.<\/p>\n<p style=\"text-align: justify;\">Es preciso recalcar \u00a0que la compa\u00f1\u00eda Texaco o TexPec \u201cTexaco en el Ecuador\u201d, no fue socia de CEPE, la empresa petrolera Ecuatoriana durante todo el per\u00edodo en que estuvo presente en el Ecuador, es decir, entre 1964 y 1992. La Empresa Estatal CEPE se convirti\u00f3 en socia de Texaco apenas en el a\u00f1o 1977, con 25% de sus acciones, y es apenas entre 1988 y 1992 que CEPE se convirti\u00f3 en socia mayoritaria de ese consorcio; sin embargo, debe quedar claro que durante los 26 a\u00f1os que TEXACO estuvo presente en la Amazon\u00eda, CEPE o E. P. Petroecuador no realizaron operaciones de explotaci\u00f3n petrolera en los sitios concesionados a TEXACO.<\/p>\n","protected":false},"excerpt":{"rendered":"<p class=\"excerpt\">El Ministerio del Ambiente desmiente la informaci\u00f3n de un reportaje de la agencia Bloomberg, publicada el 22 de octubre de 2013, en la cual se manifiesta que el Ecuador no ha hecho nada por los pasivos ambientales generados por la actividad hidrocarbur\u00edfera, y que seg\u00fan este art\u00edculo, la empresa estatal E.P. Petroecuador ha sido responsable de contaminar con petr\u00f3leo a\u00f1os&hellip; <a href=\"https:\/\/www.ambienteyenergia.gob.ec\/ambiente\/mae-desmiente-declaraciones-de-agencia-bloomberg-sobre-tratamiento-de-pasivos-ambientales\/\">Read more &rarr;<\/a><\/p>\n","protected":false},"author":13,"featured_media":16268,"comment_status":"open","ping_status":"open","sticky":false,"template":"","format":"standard","meta":{"footnotes":""},"categories":[16,4],"tags":[],"class_list":["post-16265","post","type-post","status-publish","format-standard","has-post-thumbnail","hentry","category-comunicamos","category-noticias","xfolkentry"],"_links":{"self":[{"href":"https:\/\/www.ambienteyenergia.gob.ec\/ambiente\/wp-json\/wp\/v2\/posts\/16265","targetHints":{"allow":["GET"]}}],"collection":[{"href":"https:\/\/www.ambienteyenergia.gob.ec\/ambiente\/wp-json\/wp\/v2\/posts"}],"about":[{"href":"https:\/\/www.ambienteyenergia.gob.ec\/ambiente\/wp-json\/wp\/v2\/types\/post"}],"author":[{"embeddable":true,"href":"https:\/\/www.ambienteyenergia.gob.ec\/ambiente\/wp-json\/wp\/v2\/users\/13"}],"replies":[{"embeddable":true,"href":"https:\/\/www.ambienteyenergia.gob.ec\/ambiente\/wp-json\/wp\/v2\/comments?post=16265"}],"version-history":[{"count":0,"href":"https:\/\/www.ambienteyenergia.gob.ec\/ambiente\/wp-json\/wp\/v2\/posts\/16265\/revisions"}],"wp:featuredmedia":[{"embeddable":true,"href":"https:\/\/www.ambienteyenergia.gob.ec\/ambiente\/wp-json\/wp\/v2\/media\/16268"}],"wp:attachment":[{"href":"https:\/\/www.ambienteyenergia.gob.ec\/ambiente\/wp-json\/wp\/v2\/media?parent=16265"}],"wp:term":[{"taxonomy":"category","embeddable":true,"href":"https:\/\/www.ambienteyenergia.gob.ec\/ambiente\/wp-json\/wp\/v2\/categories?post=16265"},{"taxonomy":"post_tag","embeddable":true,"href":"https:\/\/www.ambienteyenergia.gob.ec\/ambiente\/wp-json\/wp\/v2\/tags?post=16265"}],"curies":[{"name":"wp","href":"https:\/\/api.w.org\/{rel}","templated":true}]}}