{"id":16262,"date":"2013-10-29T10:25:39","date_gmt":"2013-10-29T15:25:39","guid":{"rendered":"http:\/\/www.ambiente.gob.ec\/?p=16262"},"modified":"2013-10-29T10:56:21","modified_gmt":"2013-10-29T15:56:21","slug":"250-voluntarios-participaron-en-la-jornada-de-limpieza-de-la-via-en-la-reserva-ecologica-arenillas-el-oro","status":"publish","type":"post","link":"https:\/\/www.ambienteyenergia.gob.ec\/ambiente\/250-voluntarios-participaron-en-la-jornada-de-limpieza-de-la-via-en-la-reserva-ecologica-arenillas-el-oro\/","title":{"rendered":"250 voluntarios participaron en la jornada de limpieza de la v\u00eda en la Reserva Ecol\u00f3gica Arenillas (El Oro)"},"content":{"rendered":"<p style=\"text-align: justify;\">Alrededor\u00a0 de 400 saquillos de basura,\u00a0 50 llantas usadas, y 30 marcos de televisi\u00f3n, en un total de 3,2 toneladas de residuos fueron recogidas en la v\u00eda que cruza la Reserva Ecol\u00f3gica Arenillas, en la ruta Arenillas-Huaquillas, durante la jornada de limpieza coordinada por <strong>la Direcci\u00f3n Provincial de Ambiente del El Oro, el pasado 25 de octubre.<\/strong><\/p>\n<p style=\"text-align: justify;\">Los 250 voluntarios, entre estudiantes y conscriptos partieron<strong> desde <\/strong>el Control Militar de El Tel\u00e9grafo hacia los l\u00edmites de la v\u00eda que circunda el \u00c1rea Protegida (AP). La basura recolectada fue trasladada al Relleno Sanitario del Cant\u00f3n Arenillas para su disposici\u00f3n final.<\/p>\n<p style=\"text-align: justify;\">Roberto Marcos, Director Provincial de Ambiente de El Oro, resalt\u00f3 que en la provincia \u00abexiste uni\u00f3n para trabajar en pro de la conservaci\u00f3n y preservaci\u00f3n de esta AP, por ser uno de los remanentes de bosque seco m\u00e1s importantes del sur del pa\u00eds y por su alto grado de endemismo y conservaci\u00f3n\u00bb. Tambi\u00e9n indic\u00f3 que la campa\u00f1a previa al d\u00eda de la limpieza de la v\u00eda, impartida\u00a0 en los centros educativos, fue un \u00e9xito porque se logr\u00f3 sensibilizar a los j\u00f3venes en el tema.<\/p>\n<p style=\"text-align: justify;\"><strong>Esta actividad, efectuada en el apoyo del Gobierno Aut\u00f3nomo <\/strong>Municipal de Arenillas, la Brigada de Infanter\u00eda N\u00b01 El Oro, voluntarios de Servicio Civil Ciudadano, Comisi\u00f3n de Tr\u00e1nsito y Centros Educativos del cant\u00f3n, <strong>inicio a las 8:00 y culmino cerca de las 15:00<\/strong>.<\/p>\n<p style=\"text-align: justify;\">El Ministerio del Ambiente (MAE) seguir\u00e1 trabajando en esta campa\u00f1a junto con la Comisi\u00f3n de Transito, para que los usuarios de los veh\u00edculos que transitan por la Reserva Ecol\u00f3gica Arenillas no boten los desperdicios a la v\u00eda y as\u00ed evitar la contaminaci\u00f3n por residuos s\u00f3lidos.<\/p>\n<p style=\"text-align: justify;\">\n","protected":false},"excerpt":{"rendered":"<p class=\"excerpt\">Alrededor\u00a0 de 400 saquillos de basura,\u00a0 50 llantas usadas, y 30 marcos de televisi\u00f3n, en un total de 3,2 toneladas de residuos fueron recogidas en la v\u00eda que cruza la Reserva Ecol\u00f3gica Arenillas, en la ruta Arenillas-Huaquillas, durante la jornada de limpieza coordinada por la Direcci\u00f3n Provincial de Ambiente del El Oro, el pasado 25 de octubre. Los 250 voluntarios,&hellip; <a href=\"https:\/\/www.ambienteyenergia.gob.ec\/ambiente\/250-voluntarios-participaron-en-la-jornada-de-limpieza-de-la-via-en-la-reserva-ecologica-arenillas-el-oro\/\">Read more &rarr;<\/a><\/p>\n","protected":false},"author":13,"featured_media":16263,"comment_status":"open","ping_status":"open","sticky":false,"template":"","format":"standard","meta":{"footnotes":""},"categories":[16,4],"tags":[],"class_list":["post-16262","post","type-post","status-publish","format-standard","has-post-thumbnail","hentry","category-comunicamos","category-noticias","xfolkentry"],"_links":{"self":[{"href":"https:\/\/www.ambienteyenergia.gob.ec\/ambiente\/wp-json\/wp\/v2\/posts\/16262","targetHints":{"allow":["GET"]}}],"collection":[{"href":"https:\/\/www.ambienteyenergia.gob.ec\/ambiente\/wp-json\/wp\/v2\/posts"}],"about":[{"href":"https:\/\/www.ambienteyenergia.gob.ec\/ambiente\/wp-json\/wp\/v2\/types\/post"}],"author":[{"embeddable":true,"href":"https:\/\/www.ambienteyenergia.gob.ec\/ambiente\/wp-json\/wp\/v2\/users\/13"}],"replies":[{"embeddable":true,"href":"https:\/\/www.ambienteyenergia.gob.ec\/ambiente\/wp-json\/wp\/v2\/comments?post=16262"}],"version-history":[{"count":0,"href":"https:\/\/www.ambienteyenergia.gob.ec\/ambiente\/wp-json\/wp\/v2\/posts\/16262\/revisions"}],"wp:featuredmedia":[{"embeddable":true,"href":"https:\/\/www.ambienteyenergia.gob.ec\/ambiente\/wp-json\/wp\/v2\/media\/16263"}],"wp:attachment":[{"href":"https:\/\/www.ambienteyenergia.gob.ec\/ambiente\/wp-json\/wp\/v2\/media?parent=16262"}],"wp:term":[{"taxonomy":"category","embeddable":true,"href":"https:\/\/www.ambienteyenergia.gob.ec\/ambiente\/wp-json\/wp\/v2\/categories?post=16262"},{"taxonomy":"post_tag","embeddable":true,"href":"https:\/\/www.ambienteyenergia.gob.ec\/ambiente\/wp-json\/wp\/v2\/tags?post=16262"}],"curies":[{"name":"wp","href":"https:\/\/api.w.org\/{rel}","templated":true}]}}