{"id":16258,"date":"2013-10-29T10:16:46","date_gmt":"2013-10-29T15:16:46","guid":{"rendered":"http:\/\/www.ambiente.gob.ec\/?p=16258"},"modified":"2013-10-29T16:02:33","modified_gmt":"2013-10-29T21:02:33","slug":"15-mil-hectareas-postulantes-a-incentivos-socio-bosque-durante-primer-mes-de-estado-de-excepcion-en-esmeraldas","status":"publish","type":"post","link":"https:\/\/www.ambienteyenergia.gob.ec\/ambiente\/15-mil-hectareas-postulantes-a-incentivos-socio-bosque-durante-primer-mes-de-estado-de-excepcion-en-esmeraldas\/","title":{"rendered":"15 mil hect\u00e1reas postulantes a incentivos Socio Bosque durante primer mes de Estado de Excepci\u00f3n en Esmeraldas"},"content":{"rendered":"<p style=\"text-align: justify;\">Durante el primer mes del Estado de Excepci\u00f3n declarado en la provincia de Esmeraldas, el Ministerio del Ambiente (MAE), a trav\u00e9s del Programa Socio Bosque, registra un total de 15 701 hect\u00e1reas de bosques nativos postulantes para participar en los incentivos forestales que promueve esta Cartera de Estado.<\/p>\n<p style=\"text-align: justify;\">Desde el regimiento de la medida, el MAE ha inducido como parte de su gesti\u00f3n en la provincia, el fortalecimiento de los incentivos del Programa Socio Bosque que impulsa a ciudadanos y ciudadanas a mantener y mejorar las condiciones ambientales de los bosques.<\/p>\n<p style=\"text-align: justify;\">Este programa de incentivos incluye la entrega de beneficios econ\u00f3micos por actividades de conservaci\u00f3n, restauraci\u00f3n activa y pasiva; y otros incentivos no econ\u00f3micos como la optimizaci\u00f3n en el manejo forestal, facilidades en la compra de maquinaria para un responsable aprovechamiento de la madera y la legalizaci\u00f3n de tierras, entre otros.<\/p>\n<p style=\"text-align: justify;\">En ese sentido, el Programa Socio Bosque durante este primer mes ha ejecutado un asesoramiento constante y directo para que los due\u00f1os de predios de bosques en cualquier estado puedan participar de los beneficios de esta iniciativa como alternativa al Estado de Excepci\u00f3n declarado.<\/p>\n<p style=\"text-align: justify;\">Seg\u00fan estad\u00edsticas del Programa Socio Bosque, los incentivos de conservaci\u00f3n registraron 11 826 hect\u00e1reas postulantes; la legalizaci\u00f3n de tierras 2 326 has; restauraci\u00f3n activa 868 has; restauraci\u00f3n pasiva 183 has y manejo forestal 296 has.<\/p>\n<p style=\"text-align: justify;\">Cabe se\u00f1alar que el MAE, a trav\u00e9s de los incentivos Socio Bosque, fomenta tambi\u00e9n el mejoramiento de la calidad de vida de las familias y ciudadanos de Esmeraldas, que deciden de manera voluntaria promover el cuidado de los bosques.<\/p>\n<p style=\"text-align: justify;\">La aplicaci\u00f3n de iniciativas como el Programa Socio Bosque en Esmeraldas y todo el pa\u00eds reflejan el verdadero esfuerzo del Gobierno de la Revoluci\u00f3n Ciudadana para que se gestione un verdadero mejoramiento y aprovechamiento de los bosques.<\/p>\n<p style=\"text-align: justify;\">El Decreto 116 proh\u00edbe la emisi\u00f3n de permisos de tala en bosque nativo y la renovaci\u00f3n de los existentes. Asimismo, durante el per\u00edodo de 60 d\u00edas que establece la Moratoria, se plantea realizar una auditor\u00eda a todos los permisos otorgados por el MAE.<\/p>\n<p style=\"text-align: justify;\">La tasa de deforestaci\u00f3n nacional seg\u00fan del MAE, es de 65 880 hect\u00e1reas anuales, de las cuales, 12 485 hect\u00e1reas corresponden a Esmeraldas. Es decir, sobrepasa el promedio por provincia que registra alrededor de 3 000 hect\u00e1reas deforestadas.<\/p>\n<p style=\"text-align: justify;\">El MAE, como ente rector del sector ambiental, continuar\u00e1 aplicando de manera contundente respuestas concretas a la deforestaci\u00f3n como los incentivos del Programa Socio Bosque, los cuales a mediano y largo plazo permitir\u00e1n que los ciudadanos y ciudadanas de Esmeraldas consideren al cuidado ambiental como una alternativa rentable y viable para mantener intactos los bosques en la provincia.<\/p>\n<p style=\"text-align: justify;\">\n","protected":false},"excerpt":{"rendered":"<p class=\"excerpt\">Durante el primer mes del Estado de Excepci\u00f3n declarado en la provincia de Esmeraldas, el Ministerio del Ambiente (MAE), a trav\u00e9s del Programa Socio Bosque, registra un total de 15 701 hect\u00e1reas de bosques nativos postulantes para participar en los incentivos forestales que promueve esta Cartera de Estado. Desde el regimiento de la medida, el MAE ha inducido como parte&hellip; <a href=\"https:\/\/www.ambienteyenergia.gob.ec\/ambiente\/15-mil-hectareas-postulantes-a-incentivos-socio-bosque-durante-primer-mes-de-estado-de-excepcion-en-esmeraldas\/\">Read more &rarr;<\/a><\/p>\n","protected":false},"author":13,"featured_media":16259,"comment_status":"open","ping_status":"open","sticky":false,"template":"","format":"standard","meta":{"footnotes":""},"categories":[16,4,10],"tags":[],"class_list":["post-16258","post","type-post","status-publish","format-standard","has-post-thumbnail","hentry","category-comunicamos","category-noticias","category-noticias-destacadas","xfolkentry"],"_links":{"self":[{"href":"https:\/\/www.ambienteyenergia.gob.ec\/ambiente\/wp-json\/wp\/v2\/posts\/16258","targetHints":{"allow":["GET"]}}],"collection":[{"href":"https:\/\/www.ambienteyenergia.gob.ec\/ambiente\/wp-json\/wp\/v2\/posts"}],"about":[{"href":"https:\/\/www.ambienteyenergia.gob.ec\/ambiente\/wp-json\/wp\/v2\/types\/post"}],"author":[{"embeddable":true,"href":"https:\/\/www.ambienteyenergia.gob.ec\/ambiente\/wp-json\/wp\/v2\/users\/13"}],"replies":[{"embeddable":true,"href":"https:\/\/www.ambienteyenergia.gob.ec\/ambiente\/wp-json\/wp\/v2\/comments?post=16258"}],"version-history":[{"count":0,"href":"https:\/\/www.ambienteyenergia.gob.ec\/ambiente\/wp-json\/wp\/v2\/posts\/16258\/revisions"}],"wp:featuredmedia":[{"embeddable":true,"href":"https:\/\/www.ambienteyenergia.gob.ec\/ambiente\/wp-json\/wp\/v2\/media\/16259"}],"wp:attachment":[{"href":"https:\/\/www.ambienteyenergia.gob.ec\/ambiente\/wp-json\/wp\/v2\/media?parent=16258"}],"wp:term":[{"taxonomy":"category","embeddable":true,"href":"https:\/\/www.ambienteyenergia.gob.ec\/ambiente\/wp-json\/wp\/v2\/categories?post=16258"},{"taxonomy":"post_tag","embeddable":true,"href":"https:\/\/www.ambienteyenergia.gob.ec\/ambiente\/wp-json\/wp\/v2\/tags?post=16258"}],"curies":[{"name":"wp","href":"https:\/\/api.w.org\/{rel}","templated":true}]}}