{"id":16255,"date":"2013-10-29T10:14:28","date_gmt":"2013-10-29T15:14:28","guid":{"rendered":"http:\/\/www.ambiente.gob.ec\/?p=16255"},"modified":"2013-10-29T10:14:28","modified_gmt":"2013-10-29T15:14:28","slug":"comando-conjunto-de-las-fuerzas-armadas-capacita-a-guardaparques-de-galapagos","status":"publish","type":"post","link":"https:\/\/www.ambienteyenergia.gob.ec\/ambiente\/comando-conjunto-de-las-fuerzas-armadas-capacita-a-guardaparques-de-galapagos\/","title":{"rendered":"Comando Conjunto de las Fuerzas Armadas capacita a guardaparques de Gal\u00e1pagos"},"content":{"rendered":"<p align=\"center\"><em>El taller se centra en el correcto manejo de armas de fuego para las actividades de control y erradicaci\u00f3n de especies introducidas.<\/em><\/p>\n<p>El Comando Conjunto de las Fuerzas Armadas (FF.AA), en coordinaci\u00f3n con el Ministerio del Ambiente (MAE), dicta un taller de capacitaci\u00f3n relacionado con el correcto manejo de armas de fuego, a los guardaparques del Parque Nacional Gal\u00e1pagos. El objetivo que es que los funcionarios aprendan a utilizar estas herramientas con el fin de facilitar el control y la erradicaci\u00f3n de especies introducidas.<\/p>\n<p style=\"text-align: justify;\">Los guardaparques recibieron instrucci\u00f3n sobre el uso y manejo de armas; reglamentaci\u00f3n b\u00e1sica para el manejo de armas (Ley de Fabricaci\u00f3n, Importaci\u00f3n, Exportaci\u00f3n, Comercializaci\u00f3n y Tenencia de Armas, Explosivos, Municiones y Accesorios) y medidas de seguridad. El taller fue te\u00f3rico y pr\u00e1ctico y cont\u00f3 la participaci\u00f3n de 18 guardaparques calificados por el Comando Conjunto de las FF.AA.<\/p>\n<p style=\"text-align: justify;\">La DPNG cuenta con un armerillo de armas y municiones, autorizado para su administraci\u00f3n por parte del Comando Conjunto FF.AA. Estos implementos son utilizados por la Autoridad Ambiental para la ejecuci\u00f3n de los diferentes programas de control y erradicaci\u00f3n de vertebrados introducidos. El Proyecto Isabela, por ejemplo, que permiti\u00f3 la exitosa erradicaci\u00f3n de cabras, cerdos y burros en islas como Santiago, Floreana, norte de Isabela y Pinta, los cuales han sido \u00edconos mundiales en gesti\u00f3n de \u00e1reas protegidas.<\/p>\n","protected":false},"excerpt":{"rendered":"<p class=\"excerpt\">El taller se centra en el correcto manejo de armas de fuego para las actividades de control y erradicaci\u00f3n de especies introducidas. El Comando Conjunto de las Fuerzas Armadas (FF.AA), en coordinaci\u00f3n con el Ministerio del Ambiente (MAE), dicta un taller de capacitaci\u00f3n relacionado con el correcto manejo de armas de fuego, a los guardaparques del Parque Nacional Gal\u00e1pagos. El&hellip; <a href=\"https:\/\/www.ambienteyenergia.gob.ec\/ambiente\/comando-conjunto-de-las-fuerzas-armadas-capacita-a-guardaparques-de-galapagos\/\">Read more &rarr;<\/a><\/p>\n","protected":false},"author":13,"featured_media":16256,"comment_status":"open","ping_status":"open","sticky":false,"template":"","format":"standard","meta":{"footnotes":""},"categories":[16,4],"tags":[],"class_list":["post-16255","post","type-post","status-publish","format-standard","has-post-thumbnail","hentry","category-comunicamos","category-noticias","xfolkentry"],"_links":{"self":[{"href":"https:\/\/www.ambienteyenergia.gob.ec\/ambiente\/wp-json\/wp\/v2\/posts\/16255","targetHints":{"allow":["GET"]}}],"collection":[{"href":"https:\/\/www.ambienteyenergia.gob.ec\/ambiente\/wp-json\/wp\/v2\/posts"}],"about":[{"href":"https:\/\/www.ambienteyenergia.gob.ec\/ambiente\/wp-json\/wp\/v2\/types\/post"}],"author":[{"embeddable":true,"href":"https:\/\/www.ambienteyenergia.gob.ec\/ambiente\/wp-json\/wp\/v2\/users\/13"}],"replies":[{"embeddable":true,"href":"https:\/\/www.ambienteyenergia.gob.ec\/ambiente\/wp-json\/wp\/v2\/comments?post=16255"}],"version-history":[{"count":0,"href":"https:\/\/www.ambienteyenergia.gob.ec\/ambiente\/wp-json\/wp\/v2\/posts\/16255\/revisions"}],"wp:featuredmedia":[{"embeddable":true,"href":"https:\/\/www.ambienteyenergia.gob.ec\/ambiente\/wp-json\/wp\/v2\/media\/16256"}],"wp:attachment":[{"href":"https:\/\/www.ambienteyenergia.gob.ec\/ambiente\/wp-json\/wp\/v2\/media?parent=16255"}],"wp:term":[{"taxonomy":"category","embeddable":true,"href":"https:\/\/www.ambienteyenergia.gob.ec\/ambiente\/wp-json\/wp\/v2\/categories?post=16255"},{"taxonomy":"post_tag","embeddable":true,"href":"https:\/\/www.ambienteyenergia.gob.ec\/ambiente\/wp-json\/wp\/v2\/tags?post=16255"}],"curies":[{"name":"wp","href":"https:\/\/api.w.org\/{rel}","templated":true}]}}