{"id":16252,"date":"2013-10-29T10:11:34","date_gmt":"2013-10-29T15:11:34","guid":{"rendered":"http:\/\/www.ambiente.gob.ec\/?p=16252"},"modified":"2013-10-29T10:11:34","modified_gmt":"2013-10-29T15:11:34","slug":"agricultores-de-galapagos-se-capacitan-en-injerto-de-citricos","status":"publish","type":"post","link":"https:\/\/www.ambienteyenergia.gob.ec\/ambiente\/agricultores-de-galapagos-se-capacitan-en-injerto-de-citricos\/","title":{"rendered":"Agricultores de Gal\u00e1pagos se capacitan en injerto de c\u00edtricos"},"content":{"rendered":"<p style=\"text-align: justify;\">Los instructores son t\u00e9cnicos del Instituto Nacional Aut\u00f3nomo de Investigaciones Agropecuarias.<\/p>\n<p style=\"text-align: justify;\">A trav\u00e9s de un convenio de cooperaci\u00f3n y asistencia t\u00e9cnica, suscrito entre el Ministerio de Agricultura, Ganader\u00eda, Acuacultura y Pesca (MAGAP) y el Ministerio del Ambiente (MAE), a trav\u00e9s de la Direcci\u00f3n del Parque Nacional Gal\u00e1pagos (DPNG), los agricultores locales reciben capacitaciones relacionadas con la renovaci\u00f3n de cultivos de c\u00edtricos e implementaci\u00f3n de nuevas plantaciones.<\/p>\n<p style=\"text-align: justify;\">Esta capacitaci\u00f3n que tiene una parte te\u00f3rica y otra pr\u00e1ctica es dictada por los t\u00e9cnicos del Instituto Nacional Aut\u00f3nomo de Investigaciones Agropecuarias (Iniap) y busca la producci\u00f3n de material vegetativo para enjertaci\u00f3n de c\u00edtricos. La aplicaci\u00f3n de los conocimientos adquiridos se lo realizar\u00e1 en el vivero forestal de la DPNG, en el sector Salasaca, en la parte alta de la isla Santa Cruz.<\/p>\n<p style=\"text-align: justify;\">\u201cAl momento estamos trabajando con alrededor de 25 productores locales que nos han acompa\u00f1ado desde el proceso de germinaci\u00f3n de las plantas hasta obtener los patrones que ser\u00e1n las bases para injertar especies mejoradas de c\u00edtricos\u201d explic\u00f3 Juan Carlos Guzm\u00e1n, Director Provincial de MAGAP.<\/p>\n<p style=\"text-align: justify;\">Es un objetivo com\u00fan entre la DPNG y el MAGAP mejorar la producci\u00f3n agr\u00edcola local para reducir la importaci\u00f3n de productos desde la parte continental y con esto disminuir el riesgo de nuevas introducciones de especies ex\u00f3ticas.<\/p>\n<p style=\"text-align: justify;\">\n","protected":false},"excerpt":{"rendered":"<p class=\"excerpt\">Los instructores son t\u00e9cnicos del Instituto Nacional Aut\u00f3nomo de Investigaciones Agropecuarias. A trav\u00e9s de un convenio de cooperaci\u00f3n y asistencia t\u00e9cnica, suscrito entre el Ministerio de Agricultura, Ganader\u00eda, Acuacultura y Pesca (MAGAP) y el Ministerio del Ambiente (MAE), a trav\u00e9s de la Direcci\u00f3n del Parque Nacional Gal\u00e1pagos (DPNG), los agricultores locales reciben capacitaciones relacionadas con la renovaci\u00f3n de cultivos de&hellip; <a href=\"https:\/\/www.ambienteyenergia.gob.ec\/ambiente\/agricultores-de-galapagos-se-capacitan-en-injerto-de-citricos\/\">Read more &rarr;<\/a><\/p>\n","protected":false},"author":13,"featured_media":16253,"comment_status":"open","ping_status":"open","sticky":false,"template":"","format":"standard","meta":{"footnotes":""},"categories":[16,4],"tags":[],"class_list":["post-16252","post","type-post","status-publish","format-standard","has-post-thumbnail","hentry","category-comunicamos","category-noticias","xfolkentry"],"_links":{"self":[{"href":"https:\/\/www.ambienteyenergia.gob.ec\/ambiente\/wp-json\/wp\/v2\/posts\/16252","targetHints":{"allow":["GET"]}}],"collection":[{"href":"https:\/\/www.ambienteyenergia.gob.ec\/ambiente\/wp-json\/wp\/v2\/posts"}],"about":[{"href":"https:\/\/www.ambienteyenergia.gob.ec\/ambiente\/wp-json\/wp\/v2\/types\/post"}],"author":[{"embeddable":true,"href":"https:\/\/www.ambienteyenergia.gob.ec\/ambiente\/wp-json\/wp\/v2\/users\/13"}],"replies":[{"embeddable":true,"href":"https:\/\/www.ambienteyenergia.gob.ec\/ambiente\/wp-json\/wp\/v2\/comments?post=16252"}],"version-history":[{"count":0,"href":"https:\/\/www.ambienteyenergia.gob.ec\/ambiente\/wp-json\/wp\/v2\/posts\/16252\/revisions"}],"wp:featuredmedia":[{"embeddable":true,"href":"https:\/\/www.ambienteyenergia.gob.ec\/ambiente\/wp-json\/wp\/v2\/media\/16253"}],"wp:attachment":[{"href":"https:\/\/www.ambienteyenergia.gob.ec\/ambiente\/wp-json\/wp\/v2\/media?parent=16252"}],"wp:term":[{"taxonomy":"category","embeddable":true,"href":"https:\/\/www.ambienteyenergia.gob.ec\/ambiente\/wp-json\/wp\/v2\/categories?post=16252"},{"taxonomy":"post_tag","embeddable":true,"href":"https:\/\/www.ambienteyenergia.gob.ec\/ambiente\/wp-json\/wp\/v2\/tags?post=16252"}],"curies":[{"name":"wp","href":"https:\/\/api.w.org\/{rel}","templated":true}]}}