{"id":16246,"date":"2013-10-28T16:44:09","date_gmt":"2013-10-28T21:44:09","guid":{"rendered":"http:\/\/www.ambiente.gob.ec\/?p=16246"},"modified":"2013-10-28T16:44:09","modified_gmt":"2013-10-28T21:44:09","slug":"mae-participo-en-taller-huella-de-carbono-en-guayaquil","status":"publish","type":"post","link":"https:\/\/www.ambienteyenergia.gob.ec\/ambiente\/mae-participo-en-taller-huella-de-carbono-en-guayaquil\/","title":{"rendered":"MAE particip\u00f3 en taller \u201cHuella de Carbono\u201d en Guayaquil"},"content":{"rendered":"<p style=\"text-align: justify;\">Hoy, M\u00f3nica Hidalgo, Ministra del Ambiente (e),\u00a0 particip\u00f3 en la inauguraci\u00f3n del taller\u00a0 <em>\u201cHuella de Carbono\u201d<\/em>, en el que alrededor de 10 empresas Ecuatorianas expondr\u00e1n los resultados de la medici\u00f3n de su huella de carbono.\u00a0 El evento organizado por la Comisi\u00f3n Econ\u00f3mica para Am\u00e9rica Latina y el Caribe (Cepal) y la Corporaci\u00f3n de Promoci\u00f3n de Exportaciones e Inversiones (Corpei) se desarroll\u00f3 en el Hotel Hilton Col\u00f3n en la ciudad de Guayaquil, en el marco del XV Congreso Ecuatoriano de Acuicultura &amp; Aquexpo.<\/p>\n<p style=\"text-align: justify;\">El objetivo de este encuentro fue incentivar a m\u00e1s sectores exportadores a medir el impacto de su huella de carbono, para que tomen conciencia de la importancia de utilizar buenas pr\u00e1cticas ambientales. El prop\u00f3sito es plantear nuevos desaf\u00edos a la estructura productiva de pa\u00edses en desarrollo.<\/p>\n<p style=\"text-align: justify;\">Hidalgo en su intervenci\u00f3n,\u00a0 enfatiz\u00f3 que\u00a0 este programa permitir\u00e1 la cuantificaci\u00f3n, reducci\u00f3n y compensaci\u00f3n de gases de efecto invernadero del sector productivo del pa\u00eds. \u201cLa cuantificaci\u00f3n de las emisiones de un proceso productivo, a trav\u00e9s del c\u00e1lculo de la huella de carbono se convierte en la herramienta id\u00f3nea para conocer, gestionar y ejercer control sobre el impacto ambiental de la actividad de un sector, en cuanto a emisiones de Gases de Efecto Invernadero se refiere\u201d, ratific\u00f3.<\/p>\n<p style=\"text-align: justify;\">Asimismo, la Titular de esta Cartera de Estado expres\u00f3 que la reducci\u00f3n y compensaci\u00f3n de emisiones es un aporte al planeta, pero tambi\u00e9n es una estrategia atractiva para que las empresas decidan implementar estas acciones.<\/p>\n<p style=\"text-align: justify;\">\u201cEl Ministerio del Ambiente busca fortalecer la implementaci\u00f3n del uso de energ\u00edas limpias, el ahorro y uso racional de energ\u00eda, en miras de apoyar a la reducci\u00f3n de la dependencia a los combustibles f\u00f3siles\u201d, ratific\u00f3 Hidalgo.<\/p>\n<p style=\"text-align: justify;\">Finalmente, indic\u00f3 que el reto planteado es complejo, por lo cual esta Cartera de Estado liderar\u00e1 la tem\u00e1tica, a trav\u00e9s de la b\u00fasqueda de actores e iniciativas que puedan sumarse en el proceso.<\/p>\n","protected":false},"excerpt":{"rendered":"<p class=\"excerpt\">Hoy, M\u00f3nica Hidalgo, Ministra del Ambiente (e),\u00a0 particip\u00f3 en la inauguraci\u00f3n del taller\u00a0 \u201cHuella de Carbono\u201d, en el que alrededor de 10 empresas Ecuatorianas expondr\u00e1n los resultados de la medici\u00f3n de su huella de carbono.\u00a0 El evento organizado por la Comisi\u00f3n Econ\u00f3mica para Am\u00e9rica Latina y el Caribe (Cepal) y la Corporaci\u00f3n de Promoci\u00f3n de Exportaciones e Inversiones (Corpei) se&hellip; <a href=\"https:\/\/www.ambienteyenergia.gob.ec\/ambiente\/mae-participo-en-taller-huella-de-carbono-en-guayaquil\/\">Read more &rarr;<\/a><\/p>\n","protected":false},"author":13,"featured_media":16247,"comment_status":"open","ping_status":"open","sticky":false,"template":"","format":"standard","meta":{"footnotes":""},"categories":[16,4],"tags":[],"class_list":["post-16246","post","type-post","status-publish","format-standard","has-post-thumbnail","hentry","category-comunicamos","category-noticias","xfolkentry"],"_links":{"self":[{"href":"https:\/\/www.ambienteyenergia.gob.ec\/ambiente\/wp-json\/wp\/v2\/posts\/16246","targetHints":{"allow":["GET"]}}],"collection":[{"href":"https:\/\/www.ambienteyenergia.gob.ec\/ambiente\/wp-json\/wp\/v2\/posts"}],"about":[{"href":"https:\/\/www.ambienteyenergia.gob.ec\/ambiente\/wp-json\/wp\/v2\/types\/post"}],"author":[{"embeddable":true,"href":"https:\/\/www.ambienteyenergia.gob.ec\/ambiente\/wp-json\/wp\/v2\/users\/13"}],"replies":[{"embeddable":true,"href":"https:\/\/www.ambienteyenergia.gob.ec\/ambiente\/wp-json\/wp\/v2\/comments?post=16246"}],"version-history":[{"count":0,"href":"https:\/\/www.ambienteyenergia.gob.ec\/ambiente\/wp-json\/wp\/v2\/posts\/16246\/revisions"}],"wp:featuredmedia":[{"embeddable":true,"href":"https:\/\/www.ambienteyenergia.gob.ec\/ambiente\/wp-json\/wp\/v2\/media\/16247"}],"wp:attachment":[{"href":"https:\/\/www.ambienteyenergia.gob.ec\/ambiente\/wp-json\/wp\/v2\/media?parent=16246"}],"wp:term":[{"taxonomy":"category","embeddable":true,"href":"https:\/\/www.ambienteyenergia.gob.ec\/ambiente\/wp-json\/wp\/v2\/categories?post=16246"},{"taxonomy":"post_tag","embeddable":true,"href":"https:\/\/www.ambienteyenergia.gob.ec\/ambiente\/wp-json\/wp\/v2\/tags?post=16246"}],"curies":[{"name":"wp","href":"https:\/\/api.w.org\/{rel}","templated":true}]}}