{"id":16239,"date":"2013-10-28T12:09:20","date_gmt":"2013-10-28T17:09:20","guid":{"rendered":"http:\/\/www.ambiente.gob.ec\/?p=16239"},"modified":"2013-10-28T12:09:20","modified_gmt":"2013-10-28T17:09:20","slug":"mae-participo-en-casa-abierta-seguridad-responsabilidad-de-todos-2013-en-santo-domingo-de-los-tsachilas","status":"publish","type":"post","link":"https:\/\/www.ambienteyenergia.gob.ec\/ambiente\/mae-participo-en-casa-abierta-seguridad-responsabilidad-de-todos-2013-en-santo-domingo-de-los-tsachilas\/","title":{"rendered":"MAE particip\u00f3 en Casa Abierta \u201cSeguridad, responsabilidad de todos 2013\u201d, en   Santo Domingo de los Ts\u00e1chilas"},"content":{"rendered":"<p style=\"text-align: justify;\">El pasado 24 de octubre, el Ministerio del Ambiente (MAE) particip\u00f3 en la Casa Abierta \u201cSeguridad, responsabilidad de todos 2013\u201d, en las instalaciones del Batall\u00f3n de Ingenieros de Combate N\u00b0 67 \u201cMontufar\u201d de la provincia Santo Domingo de los Ts\u00e1chilas. En este evento se trataron temas como prevenci\u00f3n y disminuci\u00f3n de accidentes en el cumplimiento de las labores y\u00a0 cuidado del ambiente.<\/p>\n<p style=\"text-align: justify;\">Funcionarios de las Unidades de Patrimonio Natural y Calidad Ambiental de MAE explicaron \u00a0las diferentes actividades que ejecuta esta Cartera de Estado, como organismo rector de las pol\u00edticas ambientales en el pa\u00eds, y socializaron\u00a0 las acciones de los Programas y Proyectos a m\u00e1s de 350 visitantes. Adem\u00e1s, entregaron manuales, bolsos, manillas, adhesivos, bol\u00edgrafos, posters, cartillas, folletos, etc.<\/p>\n<p style=\"text-align: justify;\">Los asistentes al Stand del MAE se interesaron por conocer de temas como la biodiversidad, reciclaje, reforestaci\u00f3n, contaminaci\u00f3n por lo que se comprometieron en trabajar voluntariamente motivando a familiares y amigos a cuidar la naturaleza.<\/p>\n","protected":false},"excerpt":{"rendered":"<p class=\"excerpt\">El pasado 24 de octubre, el Ministerio del Ambiente (MAE) particip\u00f3 en la Casa Abierta \u201cSeguridad, responsabilidad de todos 2013\u201d, en las instalaciones del Batall\u00f3n de Ingenieros de Combate N\u00b0 67 \u201cMontufar\u201d de la provincia Santo Domingo de los Ts\u00e1chilas. En este evento se trataron temas como prevenci\u00f3n y disminuci\u00f3n de accidentes en el cumplimiento de las labores y\u00a0 cuidado&hellip; <a href=\"https:\/\/www.ambienteyenergia.gob.ec\/ambiente\/mae-participo-en-casa-abierta-seguridad-responsabilidad-de-todos-2013-en-santo-domingo-de-los-tsachilas\/\">Read more &rarr;<\/a><\/p>\n","protected":false},"author":13,"featured_media":16240,"comment_status":"open","ping_status":"open","sticky":false,"template":"","format":"standard","meta":{"footnotes":""},"categories":[16,4],"tags":[],"class_list":["post-16239","post","type-post","status-publish","format-standard","has-post-thumbnail","hentry","category-comunicamos","category-noticias","xfolkentry"],"_links":{"self":[{"href":"https:\/\/www.ambienteyenergia.gob.ec\/ambiente\/wp-json\/wp\/v2\/posts\/16239","targetHints":{"allow":["GET"]}}],"collection":[{"href":"https:\/\/www.ambienteyenergia.gob.ec\/ambiente\/wp-json\/wp\/v2\/posts"}],"about":[{"href":"https:\/\/www.ambienteyenergia.gob.ec\/ambiente\/wp-json\/wp\/v2\/types\/post"}],"author":[{"embeddable":true,"href":"https:\/\/www.ambienteyenergia.gob.ec\/ambiente\/wp-json\/wp\/v2\/users\/13"}],"replies":[{"embeddable":true,"href":"https:\/\/www.ambienteyenergia.gob.ec\/ambiente\/wp-json\/wp\/v2\/comments?post=16239"}],"version-history":[{"count":0,"href":"https:\/\/www.ambienteyenergia.gob.ec\/ambiente\/wp-json\/wp\/v2\/posts\/16239\/revisions"}],"wp:featuredmedia":[{"embeddable":true,"href":"https:\/\/www.ambienteyenergia.gob.ec\/ambiente\/wp-json\/wp\/v2\/media\/16240"}],"wp:attachment":[{"href":"https:\/\/www.ambienteyenergia.gob.ec\/ambiente\/wp-json\/wp\/v2\/media?parent=16239"}],"wp:term":[{"taxonomy":"category","embeddable":true,"href":"https:\/\/www.ambienteyenergia.gob.ec\/ambiente\/wp-json\/wp\/v2\/categories?post=16239"},{"taxonomy":"post_tag","embeddable":true,"href":"https:\/\/www.ambienteyenergia.gob.ec\/ambiente\/wp-json\/wp\/v2\/tags?post=16239"}],"curies":[{"name":"wp","href":"https:\/\/api.w.org\/{rel}","templated":true}]}}