{"id":16228,"date":"2013-10-26T15:01:52","date_gmt":"2013-10-26T20:01:52","guid":{"rendered":"http:\/\/www.ambiente.gob.ec\/?p=16228"},"modified":"2013-10-26T15:01:52","modified_gmt":"2013-10-26T20:01:52","slug":"por-primera-vez-en-la-historia-los-pasivos-ambientales-estan-disminuyendo-rafael-correa","status":"publish","type":"post","link":"https:\/\/www.ambienteyenergia.gob.ec\/ambiente\/por-primera-vez-en-la-historia-los-pasivos-ambientales-estan-disminuyendo-rafael-correa\/","title":{"rendered":"Por primera vez en la historia los pasivos ambientales est\u00e1n disminuyendo: Rafael Correa"},"content":{"rendered":"<p style=\"text-align: justify;\">Durante el Enlace Ciudadano de este s\u00e1bado, el Presidente de la Rep\u00fablica, Rafael Correa, desminti\u00f3 un reportaje publicado por la agencia Bloomberg en el que se recogen las declaraciones del periodista Emilio Palacio. En el texto, Palacio asegura que Ecuador no ha hecho nada por los pasivos ambientales generados por la actividad hidrocarbur\u00edfera y que la empresa estatal Petroecuador ha sido responsable de contaminar con petr\u00f3leo a\u00f1os despu\u00e9s del cierre de operaciones de la empresa Texaco en el pa\u00eds. Seg\u00fan Palacio La empresa petrolera estatal sigui\u00f3 arrojando crudo incluso en la piscina en la que meti\u00f3 la mano el Presidente.<\/p>\n<p style=\"text-align: justify;\">Frente a esas falsas declaraciones, la Ministra del Ambiente, Lorena Tapia, exhort\u00f3 al periodista Palacio a que \u201cmuestre las pruebas que dice que tiene\u201d.<\/p>\n<p style=\"text-align: justify;\">Seg\u00fan la Secretaria de Ambiente, el Estado Ecuatoriano no pudo haber intervenido en un juicio que era de carecer privado y que implic\u00f3 el reconocimiento de una afectaci\u00f3n ambiental y social evidente en la Amazon\u00eda.<\/p>\n<p style=\"text-align: justify;\">La Ministra Tapia aclar\u00f3 adem\u00e1s que desde el 2008, a\u00f1o en el que se reform\u00f3 la Constituci\u00f3n, el Estado ha asumido la responsabilidad subsidiaria de los pasivos ambientales. Esto implica que el Estado asumi\u00f3 las afectaciones ambientales y sociales provocadas por otros y que ha actuado de forma responsable.<\/p>\n<p style=\"text-align: justify;\">El Primer Mandatario reiter\u00f3 que el desastre ambiental que dej\u00f3 Texaco no se ha limpiado porque el Estado no puede intervenir sobre las pruebas de un juicio, no obstante se est\u00e1 limpiando lo que es posible intervenir. \u201cPor primera vez en la historia los pasivos ambientales no est\u00e1n aumentando, est\u00e1n disminuyendo\u201d, concluy\u00f3 el Presidente Correa, quien record\u00f3 que este Gobierno recibi\u00f3 el pa\u00eds con 3000 millones de pasivos ambientales.<\/p>\n","protected":false},"excerpt":{"rendered":"<p class=\"excerpt\">Durante el Enlace Ciudadano de este s\u00e1bado, el Presidente de la Rep\u00fablica, Rafael Correa, desminti\u00f3 un reportaje publicado por la agencia Bloomberg en el que se recogen las declaraciones del periodista Emilio Palacio. En el texto, Palacio asegura que Ecuador no ha hecho nada por los pasivos ambientales generados por la actividad hidrocarbur\u00edfera y que la empresa estatal Petroecuador ha&hellip; <a href=\"https:\/\/www.ambienteyenergia.gob.ec\/ambiente\/por-primera-vez-en-la-historia-los-pasivos-ambientales-estan-disminuyendo-rafael-correa\/\">Read more &rarr;<\/a><\/p>\n","protected":false},"author":13,"featured_media":16229,"comment_status":"open","ping_status":"open","sticky":false,"template":"","format":"standard","meta":{"footnotes":""},"categories":[16,4],"tags":[],"class_list":["post-16228","post","type-post","status-publish","format-standard","has-post-thumbnail","hentry","category-comunicamos","category-noticias","xfolkentry"],"_links":{"self":[{"href":"https:\/\/www.ambienteyenergia.gob.ec\/ambiente\/wp-json\/wp\/v2\/posts\/16228","targetHints":{"allow":["GET"]}}],"collection":[{"href":"https:\/\/www.ambienteyenergia.gob.ec\/ambiente\/wp-json\/wp\/v2\/posts"}],"about":[{"href":"https:\/\/www.ambienteyenergia.gob.ec\/ambiente\/wp-json\/wp\/v2\/types\/post"}],"author":[{"embeddable":true,"href":"https:\/\/www.ambienteyenergia.gob.ec\/ambiente\/wp-json\/wp\/v2\/users\/13"}],"replies":[{"embeddable":true,"href":"https:\/\/www.ambienteyenergia.gob.ec\/ambiente\/wp-json\/wp\/v2\/comments?post=16228"}],"version-history":[{"count":0,"href":"https:\/\/www.ambienteyenergia.gob.ec\/ambiente\/wp-json\/wp\/v2\/posts\/16228\/revisions"}],"wp:featuredmedia":[{"embeddable":true,"href":"https:\/\/www.ambienteyenergia.gob.ec\/ambiente\/wp-json\/wp\/v2\/media\/16229"}],"wp:attachment":[{"href":"https:\/\/www.ambienteyenergia.gob.ec\/ambiente\/wp-json\/wp\/v2\/media?parent=16228"}],"wp:term":[{"taxonomy":"category","embeddable":true,"href":"https:\/\/www.ambienteyenergia.gob.ec\/ambiente\/wp-json\/wp\/v2\/categories?post=16228"},{"taxonomy":"post_tag","embeddable":true,"href":"https:\/\/www.ambienteyenergia.gob.ec\/ambiente\/wp-json\/wp\/v2\/tags?post=16228"}],"curies":[{"name":"wp","href":"https:\/\/api.w.org\/{rel}","templated":true}]}}