{"id":16220,"date":"2013-10-25T10:27:47","date_gmt":"2013-10-25T15:27:47","guid":{"rendered":"http:\/\/www.ambiente.gob.ec\/?p=16220"},"modified":"2013-10-25T10:27:47","modified_gmt":"2013-10-25T15:27:47","slug":"socializacion-del-registro-generador-de-desechos-peligrosos-se-realizo-en-bolivar","status":"publish","type":"post","link":"https:\/\/www.ambienteyenergia.gob.ec\/ambiente\/socializacion-del-registro-generador-de-desechos-peligrosos-se-realizo-en-bolivar\/","title":{"rendered":"Socializaci\u00f3n del Registro Generador de Desechos Peligrosos se realiz\u00f3 en Bol\u00edvar"},"content":{"rendered":"<p style=\"text-align: justify;\">El Ministerio del Ambiente (MAE) realiz\u00f3 una socializaci\u00f3n sobre el Registro de Generadores de Desechos Peligrosos, en el sal\u00f3n verde de la Direcci\u00f3n Provincial del Ambiente de Bol\u00edvar, el pasado 21 de octubre. El objetivo fue informar a la ciudadan\u00eda sobre la importancia de manejar adecuadamente este tipo de residuos y evitar con ello que afecten la salud de la poblaci\u00f3n y del ambiente. Esta jornada de capacitaciones estuvo dirigida principalmente a representantes de hospitales p\u00fablicos y privados de la provincia.<\/p>\n<p style=\"text-align: justify;\">Entre los principales temas tratados se destacaron los procedimientos para obtener el registro de generadores de desechos peligrosos y c\u00f3mo se deben registrar en base a la Normativa Ambiental Vigente. Esta iniciativa proporcion\u00f3 las herramientas correctas para dar un adecuado manejo y disposici\u00f3n final a los desechos peligrosos.<\/p>\n<p style=\"text-align: justify;\">En el taller tambi\u00e9n se explic\u00f3 que todo generador de desechos peligrosos es el titular y responsable del manejo de los mismos hasta su disposici\u00f3n final.<\/p>\n<p style=\"text-align: justify;\">Todos los desechos peligrosos que se generan en los Centros de Salud de la provincia deben manejarse dentro de lo establecido en la Normativa Ambiental Vigente y su manejo y disposici\u00f3n final tienen que realizarse de una forma amigable con el ambiente.<\/p>\n","protected":false},"excerpt":{"rendered":"<p class=\"excerpt\">El Ministerio del Ambiente (MAE) realiz\u00f3 una socializaci\u00f3n sobre el Registro de Generadores de Desechos Peligrosos, en el sal\u00f3n verde de la Direcci\u00f3n Provincial del Ambiente de Bol\u00edvar, el pasado 21 de octubre. El objetivo fue informar a la ciudadan\u00eda sobre la importancia de manejar adecuadamente este tipo de residuos y evitar con ello que afecten la salud de la&hellip; <a href=\"https:\/\/www.ambienteyenergia.gob.ec\/ambiente\/socializacion-del-registro-generador-de-desechos-peligrosos-se-realizo-en-bolivar\/\">Read more &rarr;<\/a><\/p>\n","protected":false},"author":13,"featured_media":16221,"comment_status":"open","ping_status":"open","sticky":false,"template":"","format":"standard","meta":{"footnotes":""},"categories":[16,4],"tags":[],"class_list":["post-16220","post","type-post","status-publish","format-standard","has-post-thumbnail","hentry","category-comunicamos","category-noticias","xfolkentry"],"_links":{"self":[{"href":"https:\/\/www.ambienteyenergia.gob.ec\/ambiente\/wp-json\/wp\/v2\/posts\/16220","targetHints":{"allow":["GET"]}}],"collection":[{"href":"https:\/\/www.ambienteyenergia.gob.ec\/ambiente\/wp-json\/wp\/v2\/posts"}],"about":[{"href":"https:\/\/www.ambienteyenergia.gob.ec\/ambiente\/wp-json\/wp\/v2\/types\/post"}],"author":[{"embeddable":true,"href":"https:\/\/www.ambienteyenergia.gob.ec\/ambiente\/wp-json\/wp\/v2\/users\/13"}],"replies":[{"embeddable":true,"href":"https:\/\/www.ambienteyenergia.gob.ec\/ambiente\/wp-json\/wp\/v2\/comments?post=16220"}],"version-history":[{"count":0,"href":"https:\/\/www.ambienteyenergia.gob.ec\/ambiente\/wp-json\/wp\/v2\/posts\/16220\/revisions"}],"wp:featuredmedia":[{"embeddable":true,"href":"https:\/\/www.ambienteyenergia.gob.ec\/ambiente\/wp-json\/wp\/v2\/media\/16221"}],"wp:attachment":[{"href":"https:\/\/www.ambienteyenergia.gob.ec\/ambiente\/wp-json\/wp\/v2\/media?parent=16220"}],"wp:term":[{"taxonomy":"category","embeddable":true,"href":"https:\/\/www.ambienteyenergia.gob.ec\/ambiente\/wp-json\/wp\/v2\/categories?post=16220"},{"taxonomy":"post_tag","embeddable":true,"href":"https:\/\/www.ambienteyenergia.gob.ec\/ambiente\/wp-json\/wp\/v2\/tags?post=16220"}],"curies":[{"name":"wp","href":"https:\/\/api.w.org\/{rel}","templated":true}]}}