{"id":16216,"date":"2013-10-25T09:48:41","date_gmt":"2013-10-25T14:48:41","guid":{"rendered":"http:\/\/www.ambiente.gob.ec\/?p=16216"},"modified":"2013-10-25T09:48:41","modified_gmt":"2013-10-25T14:48:41","slug":"mae-impulsa-actividades-de-investigacion-ambiental-en-chimborazo","status":"publish","type":"post","link":"https:\/\/www.ambienteyenergia.gob.ec\/ambiente\/mae-impulsa-actividades-de-investigacion-ambiental-en-chimborazo\/","title":{"rendered":"MAE impulsa actividades de investigaci\u00f3n ambiental en Chimborazo"},"content":{"rendered":"<p style=\"text-align: justify;\">El Ministerio del Ambiente (MAE), como principal Autoridad Ambiental, trabaja en procesos para el fortalecimiento de actividades enfocadas a la investigaci\u00f3n.<\/p>\n<p style=\"text-align: justify;\">En ese sentido, la Direcci\u00f3n provincial del Ambiente de Chimborazo vio la necesidad de apoyar procesos investigativos encaminados a la conservaci\u00f3n de la naturaleza y los recursos naturales.<\/p>\n<p style=\"text-align: justify;\">Como parte de esta iniciativa, se ubicaron fuentes y \u00e1rboles semilleros de especies forestales nativas con el fin de evitar el riesgo de su desaparici\u00f3n. En esta investigaci\u00f3n, se seleccionar\u00e1 y evaluar\u00e1 arboles semilleros de remanentes de bosques nativos andinos, para as\u00ed poder rescatar, proteger y conservar su variabilidad gen\u00e9tica.<\/p>\n<p style=\"text-align: justify;\">De la misma forma, el germoplasma (diversidad gen\u00e9tica de plantas) obtenido de los arboles semilleros brindar\u00e1 plantas de excelente calidad para los programas de reforestaci\u00f3n con fines a la conservaci\u00f3n y protecci\u00f3n impulsados por el MAE.<\/p>\n<p style=\"text-align: justify;\">Esta Cartera de Estado busca con este tipo de proyectos elevar el criterio t\u00e9cnico y metodol\u00f3gico para el proceso de selecci\u00f3n, producci\u00f3n, procesamiento y almacenamiento de semillas. Asimismo, esta actividad contribuir\u00e1 al desarrollo de estrategias para su manejo, conservaci\u00f3n y adaptaci\u00f3n al cambio clim\u00e1tico evitando as\u00ed su extinci\u00f3n.<\/p>\n<p style=\"text-align: justify;\">\n","protected":false},"excerpt":{"rendered":"<p class=\"excerpt\">El Ministerio del Ambiente (MAE), como principal Autoridad Ambiental, trabaja en procesos para el fortalecimiento de actividades enfocadas a la investigaci\u00f3n. En ese sentido, la Direcci\u00f3n provincial del Ambiente de Chimborazo vio la necesidad de apoyar procesos investigativos encaminados a la conservaci\u00f3n de la naturaleza y los recursos naturales. Como parte de esta iniciativa, se ubicaron fuentes y \u00e1rboles semilleros&hellip; <a href=\"https:\/\/www.ambienteyenergia.gob.ec\/ambiente\/mae-impulsa-actividades-de-investigacion-ambiental-en-chimborazo\/\">Read more &rarr;<\/a><\/p>\n","protected":false},"author":13,"featured_media":16217,"comment_status":"open","ping_status":"open","sticky":false,"template":"","format":"standard","meta":{"footnotes":""},"categories":[16,4],"tags":[],"class_list":["post-16216","post","type-post","status-publish","format-standard","has-post-thumbnail","hentry","category-comunicamos","category-noticias","xfolkentry"],"_links":{"self":[{"href":"https:\/\/www.ambienteyenergia.gob.ec\/ambiente\/wp-json\/wp\/v2\/posts\/16216","targetHints":{"allow":["GET"]}}],"collection":[{"href":"https:\/\/www.ambienteyenergia.gob.ec\/ambiente\/wp-json\/wp\/v2\/posts"}],"about":[{"href":"https:\/\/www.ambienteyenergia.gob.ec\/ambiente\/wp-json\/wp\/v2\/types\/post"}],"author":[{"embeddable":true,"href":"https:\/\/www.ambienteyenergia.gob.ec\/ambiente\/wp-json\/wp\/v2\/users\/13"}],"replies":[{"embeddable":true,"href":"https:\/\/www.ambienteyenergia.gob.ec\/ambiente\/wp-json\/wp\/v2\/comments?post=16216"}],"version-history":[{"count":0,"href":"https:\/\/www.ambienteyenergia.gob.ec\/ambiente\/wp-json\/wp\/v2\/posts\/16216\/revisions"}],"wp:featuredmedia":[{"embeddable":true,"href":"https:\/\/www.ambienteyenergia.gob.ec\/ambiente\/wp-json\/wp\/v2\/media\/16217"}],"wp:attachment":[{"href":"https:\/\/www.ambienteyenergia.gob.ec\/ambiente\/wp-json\/wp\/v2\/media?parent=16216"}],"wp:term":[{"taxonomy":"category","embeddable":true,"href":"https:\/\/www.ambienteyenergia.gob.ec\/ambiente\/wp-json\/wp\/v2\/categories?post=16216"},{"taxonomy":"post_tag","embeddable":true,"href":"https:\/\/www.ambienteyenergia.gob.ec\/ambiente\/wp-json\/wp\/v2\/tags?post=16216"}],"curies":[{"name":"wp","href":"https:\/\/api.w.org\/{rel}","templated":true}]}}