{"id":16213,"date":"2013-10-25T08:50:03","date_gmt":"2013-10-25T13:50:03","guid":{"rendered":"http:\/\/www.ambiente.gob.ec\/?p=16213"},"modified":"2013-10-25T08:50:03","modified_gmt":"2013-10-25T13:50:03","slug":"viceministra-del-ambiente-asistio-a-reunion-de-jefes-de-delegacion-de-las-negociaciones-internacionales-de-cambio-climatico-en-chile","status":"publish","type":"post","link":"https:\/\/www.ambienteyenergia.gob.ec\/ambiente\/viceministra-del-ambiente-asistio-a-reunion-de-jefes-de-delegacion-de-las-negociaciones-internacionales-de-cambio-climatico-en-chile\/","title":{"rendered":"Viceministra del Ambiente asisti\u00f3 a reuni\u00f3n de Jefes de delegaci\u00f3n de las negociaciones internacionales de Cambio Clim\u00e1tico, en Chile"},"content":{"rendered":"<p style=\"text-align: justify;\">El 22 y 23 de octubre, en la ciudad de Santiago de Chile, los jefes de delegaci\u00f3n de las negociaciones internacionales de Cambio Clim\u00e1tico de Am\u00e9rica Latina y el Caribe se reunieron con objetivo de entablar un di\u00e1logo pol\u00edtico-t\u00e9cnico acerca de las oportunidades que tiene la regi\u00f3n en las discusiones de la Convenci\u00f3n Marco de Naciones Unidas sobre Cambio Clim\u00e1tico (CMNUCC). \u00a0En esta reuni\u00f3n, auspiciada por la Comisi\u00f3n Econ\u00f3mica para Am\u00e9rica Latina y el Caribe (CEPAL), particip\u00f3 M\u00f3nica Hidalgo, Viceministra del Ambiente, representando a Ecuador.<\/p>\n<p style=\"text-align: justify;\">El mes de noviembre, en Varsovia, Polonia, se efectuar\u00e1 la d\u00e9cimo novena Conferencia de las Partes de la CMNUCC. La Ministra del Ambiente, Lorena Tapia ser\u00e1 jefa de delegaci\u00f3n ecuatoriana. El a\u00f1o pr\u00f3ximo, esta Conferencia tendr\u00e1 sede en Lima, lo que representa una oportunidad para la regi\u00f3n. Durante la sesi\u00f3n de 2014, se consensuar\u00e1 la elaboraci\u00f3n de un borrador para un Acuerdo Global de Cambio Clim\u00e1tico, que Ecuador podr\u00eda firmar en 2015.<\/p>\n<p style=\"text-align: justify;\">La reuni\u00f3n de Chile evalu\u00f3 la importancia de ese Acuerdo vinculante para la regi\u00f3n, as\u00ed como las oportunidades identificadas para la Conferencia de Lima y la participaci\u00f3n de nuestro pa\u00eds en esa instancia.<\/p>\n","protected":false},"excerpt":{"rendered":"<p class=\"excerpt\">El 22 y 23 de octubre, en la ciudad de Santiago de Chile, los jefes de delegaci\u00f3n de las negociaciones internacionales de Cambio Clim\u00e1tico de Am\u00e9rica Latina y el Caribe se reunieron con objetivo de entablar un di\u00e1logo pol\u00edtico-t\u00e9cnico acerca de las oportunidades que tiene la regi\u00f3n en las discusiones de la Convenci\u00f3n Marco de Naciones Unidas sobre Cambio Clim\u00e1tico&hellip; <a href=\"https:\/\/www.ambienteyenergia.gob.ec\/ambiente\/viceministra-del-ambiente-asistio-a-reunion-de-jefes-de-delegacion-de-las-negociaciones-internacionales-de-cambio-climatico-en-chile\/\">Read more &rarr;<\/a><\/p>\n","protected":false},"author":13,"featured_media":16214,"comment_status":"open","ping_status":"open","sticky":false,"template":"","format":"standard","meta":{"footnotes":""},"categories":[16,4],"tags":[],"class_list":["post-16213","post","type-post","status-publish","format-standard","has-post-thumbnail","hentry","category-comunicamos","category-noticias","xfolkentry"],"_links":{"self":[{"href":"https:\/\/www.ambienteyenergia.gob.ec\/ambiente\/wp-json\/wp\/v2\/posts\/16213","targetHints":{"allow":["GET"]}}],"collection":[{"href":"https:\/\/www.ambienteyenergia.gob.ec\/ambiente\/wp-json\/wp\/v2\/posts"}],"about":[{"href":"https:\/\/www.ambienteyenergia.gob.ec\/ambiente\/wp-json\/wp\/v2\/types\/post"}],"author":[{"embeddable":true,"href":"https:\/\/www.ambienteyenergia.gob.ec\/ambiente\/wp-json\/wp\/v2\/users\/13"}],"replies":[{"embeddable":true,"href":"https:\/\/www.ambienteyenergia.gob.ec\/ambiente\/wp-json\/wp\/v2\/comments?post=16213"}],"version-history":[{"count":0,"href":"https:\/\/www.ambienteyenergia.gob.ec\/ambiente\/wp-json\/wp\/v2\/posts\/16213\/revisions"}],"wp:featuredmedia":[{"embeddable":true,"href":"https:\/\/www.ambienteyenergia.gob.ec\/ambiente\/wp-json\/wp\/v2\/media\/16214"}],"wp:attachment":[{"href":"https:\/\/www.ambienteyenergia.gob.ec\/ambiente\/wp-json\/wp\/v2\/media?parent=16213"}],"wp:term":[{"taxonomy":"category","embeddable":true,"href":"https:\/\/www.ambienteyenergia.gob.ec\/ambiente\/wp-json\/wp\/v2\/categories?post=16213"},{"taxonomy":"post_tag","embeddable":true,"href":"https:\/\/www.ambienteyenergia.gob.ec\/ambiente\/wp-json\/wp\/v2\/tags?post=16213"}],"curies":[{"name":"wp","href":"https:\/\/api.w.org\/{rel}","templated":true}]}}