{"id":16210,"date":"2013-10-24T19:47:12","date_gmt":"2013-10-25T00:47:12","guid":{"rendered":"http:\/\/www.ambiente.gob.ec\/?p=16210"},"modified":"2013-10-24T19:47:12","modified_gmt":"2013-10-25T00:47:12","slug":"ministra-chilena-amadrina-tortuga-de-galapagos","status":"publish","type":"post","link":"https:\/\/www.ambienteyenergia.gob.ec\/ambiente\/ministra-chilena-amadrina-tortuga-de-galapagos\/","title":{"rendered":"Ministra chilena amadrina tortuga de Gal\u00e1pagos"},"content":{"rendered":"<p style=\"text-align: justify;\">La Ministra del Medio Ambiente de Chile, Ignacia Ben\u00edtez, durante su visita a las islas Gal\u00e1pagos conoci\u00f3 varios de los programas y proyectos que realiza el Ministerio del Ambiente del Ecuador (MAE) en el archipi\u00e9lago.<\/p>\n<p style=\"text-align: justify;\">En la ma\u00f1ana de hoy, Ben\u00edtez visit\u00f3 Seymour Norte, en donde pudo apreciar la abundante flora y fauna end\u00e9mica de la isla, especialmente de aves y reptiles, adem\u00e1s de evidenciar las acciones de manejo emprendidas por la Autoridad Ambiental, a trav\u00e9s de la Direcci\u00f3n del Parque Nacional Gal\u00e1pagos (DPNG), para conservar y restaurar los ecosistemas de las islas, como el proyecto de erradicaci\u00f3n de roedores y reproducci\u00f3n en cautiverio de iguanas terrestres<\/p>\n<p style=\"text-align: justify;\">Durante la tarde, la comitiva chilena recorri\u00f3 el Centro de Reproducci\u00f3n y Crianza en Cautiverio de Tortugas Gigantes \u201cFausto Llerena\u201d en donde conoci\u00f3 el manejo y desarrollo de este centro, que ha permitido la recuperaci\u00f3n de las diferentes poblaciones de tortugas gigantes de las islas, por medio de la incubaci\u00f3n artificial y la crianza en cautiverio.<\/p>\n<p style=\"text-align: justify;\">El Director del Parque Nacional Gal\u00e1pagos, Arturo Izurieta, en un acto simb\u00f3lico de hermandad gubernamental, otorg\u00f3 a la Ministra Ben\u00edtez, el t\u00edtulo de Madrina de Honor de la tortuguita No. 056 de la especie Chelonoidis hoodensis, de la isla Espa\u00f1ola, nacida en el centro de crianza, el 8 de enero de este a\u00f1o. Ben\u00edtez, agradecida con el gesto, bautiz\u00f3 a la tortuga con el nombre de \u201cNachita\u201d.<\/p>\n<p style=\"text-align: justify;\">Al final del recorrido, Ben\u00edtez comparti\u00f3 que para la delegaci\u00f3n chilena ha sido una experiencia incre\u00edble poder conocer las islas Gal\u00e1pagos, Patrimonio Natural de la Humanidad, y el manejo integral de las \u00e1reas protegidas en general.<\/p>\n<p style=\"text-align: justify;\">En una reuni\u00f3n de cierre, las delegaciones de ambos pa\u00edses compartieron experiencias en cuanto al manejo ambiental y se comprometieron a realizar actividades en conjunto, enmarcadas principalmente en la conservaci\u00f3n y bioseguridad.<\/p>\n<p style=\"text-align: justify;\">\n","protected":false},"excerpt":{"rendered":"<p class=\"excerpt\">La Ministra del Medio Ambiente de Chile, Ignacia Ben\u00edtez, durante su visita a las islas Gal\u00e1pagos conoci\u00f3 varios de los programas y proyectos que realiza el Ministerio del Ambiente del Ecuador (MAE) en el archipi\u00e9lago. En la ma\u00f1ana de hoy, Ben\u00edtez visit\u00f3 Seymour Norte, en donde pudo apreciar la abundante flora y fauna end\u00e9mica de la isla, especialmente de aves&hellip; <a href=\"https:\/\/www.ambienteyenergia.gob.ec\/ambiente\/ministra-chilena-amadrina-tortuga-de-galapagos\/\">Read more &rarr;<\/a><\/p>\n","protected":false},"author":13,"featured_media":16211,"comment_status":"open","ping_status":"open","sticky":false,"template":"","format":"standard","meta":{"footnotes":""},"categories":[16,4],"tags":[147,53,54,341,347],"class_list":["post-16210","post","type-post","status-publish","format-standard","has-post-thumbnail","hentry","category-comunicamos","category-noticias","tag-areas-protegidas-2","tag-mae","tag-ministerio-del-ambiente","tag-ministra-del-ambiente-de-chile","tag-parque-nacional-galapagos","xfolkentry"],"_links":{"self":[{"href":"https:\/\/www.ambienteyenergia.gob.ec\/ambiente\/wp-json\/wp\/v2\/posts\/16210","targetHints":{"allow":["GET"]}}],"collection":[{"href":"https:\/\/www.ambienteyenergia.gob.ec\/ambiente\/wp-json\/wp\/v2\/posts"}],"about":[{"href":"https:\/\/www.ambienteyenergia.gob.ec\/ambiente\/wp-json\/wp\/v2\/types\/post"}],"author":[{"embeddable":true,"href":"https:\/\/www.ambienteyenergia.gob.ec\/ambiente\/wp-json\/wp\/v2\/users\/13"}],"replies":[{"embeddable":true,"href":"https:\/\/www.ambienteyenergia.gob.ec\/ambiente\/wp-json\/wp\/v2\/comments?post=16210"}],"version-history":[{"count":0,"href":"https:\/\/www.ambienteyenergia.gob.ec\/ambiente\/wp-json\/wp\/v2\/posts\/16210\/revisions"}],"wp:featuredmedia":[{"embeddable":true,"href":"https:\/\/www.ambienteyenergia.gob.ec\/ambiente\/wp-json\/wp\/v2\/media\/16211"}],"wp:attachment":[{"href":"https:\/\/www.ambienteyenergia.gob.ec\/ambiente\/wp-json\/wp\/v2\/media?parent=16210"}],"wp:term":[{"taxonomy":"category","embeddable":true,"href":"https:\/\/www.ambienteyenergia.gob.ec\/ambiente\/wp-json\/wp\/v2\/categories?post=16210"},{"taxonomy":"post_tag","embeddable":true,"href":"https:\/\/www.ambienteyenergia.gob.ec\/ambiente\/wp-json\/wp\/v2\/tags?post=16210"}],"curies":[{"name":"wp","href":"https:\/\/api.w.org\/{rel}","templated":true}]}}