{"id":16208,"date":"2013-10-24T18:14:59","date_gmt":"2013-10-24T23:14:59","guid":{"rendered":"http:\/\/www.ambiente.gob.ec\/?p=16208"},"modified":"2013-10-24T18:14:59","modified_gmt":"2013-10-24T23:14:59","slug":"arboles-de-la-via-a-la-costa-seran-retirados-cuando-el-mae-apruebe-el-plan-de-manejo-ambiental-al-mtop","status":"publish","type":"post","link":"https:\/\/www.ambienteyenergia.gob.ec\/ambiente\/arboles-de-la-via-a-la-costa-seran-retirados-cuando-el-mae-apruebe-el-plan-de-manejo-ambiental-al-mtop\/","title":{"rendered":"\u00c1rboles de la v\u00eda a la costa ser\u00e1n retirados cuando el MAE apruebe el Plan  de Manejo ambiental al MTOP"},"content":{"rendered":"<p style=\"text-align: justify;\">El Ministerio del Ambiente (MAE), a trav\u00e9s de la Direcci\u00f3n Provincial del Ambiente de Guayas (DPAG), a\u00fan no autoriza la remoci\u00f3n de los \u00e1rboles de la v\u00eda a la Costa, en donde el Ministerio de Transporte y Obras P\u00fablicas (MTOP) realiza obras de compactaci\u00f3n de terreno para la construcci\u00f3n del segundo tramo de una ciclov\u00eda.<\/p>\n<p style=\"text-align: justify;\">\u00a0Pablo Segale, titular de la DPAG, explica que se han mantenido reuniones con el MTOP para reducir el impacto a la vegetaci\u00f3n nativa, logrando que la construcci\u00f3n de la ciclov\u00eda cambie de ruta, afectando solo a 68 \u00e1rboles de 229 que estaban previstos en la propuesta de la empresa contratista.<\/p>\n<p style=\"text-align: justify;\">\u00a0Debido a la vejez de los macizos y su gran tama\u00f1o, Segale argumenta que no es posible aplicar la trasplantaci\u00f3n, porque en el proceso morir\u00edan. En beneficio de la naturaleza se deber\u00e1 aplicar una compensaci\u00f3n forestal.<\/p>\n<p style=\"text-align: justify;\">\u00a0Todas las medidas a aplicarse se establecer\u00e1n en el Plan de Manejo Ambiental que deber\u00e1 tramitar el MTOP. Este, los obligar\u00e1 a realizar la compensaci\u00f3n forestal en 1 hect\u00e1rea alrededor de 160 \u00e1rboles de Sam\u00e1n, en el Bosque Protector Bosqueira, ubicado en la v\u00eda a Daule, y otra parte a lo largo de la ciclov\u00eda tambi\u00e9n se reforestar\u00e1.<\/p>\n<p style=\"text-align: justify;\">\u00a0Asimismo, la madera que obtenga el MTOP de los 68 \u00e1rboles, deber\u00e1 ser aprovechada por una instituci\u00f3n de beneficencia o fundaci\u00f3n, la que se encargar\u00e1 de beneficiar con esta a personas de escasos recursos econ\u00f3micos.<\/p>\n<p style=\"text-align: justify;\"><strong>\u00a0Poda de \u00e1rboles<\/strong><\/p>\n<p style=\"text-align: justify;\">\u00a0Actualmente, el Consejo Nacional de Electricidad (Conelec) realiza la poda de \u00e1rboles de Sam\u00e1n ubicados en la v\u00eda a la Costa, para evitar las variaciones de voltaje generadas en el contacto de las ramas con los cables, acci\u00f3n necesaria para no perjudicar de ninguna manera a los habitantes de las zonas cercanas que se benefician de ese servicio.<\/p>\n<p style=\"text-align: justify;\">\n","protected":false},"excerpt":{"rendered":"<p class=\"excerpt\">El Ministerio del Ambiente (MAE), a trav\u00e9s de la Direcci\u00f3n Provincial del Ambiente de Guayas (DPAG), a\u00fan no autoriza la remoci\u00f3n de los \u00e1rboles de la v\u00eda a la Costa, en donde el Ministerio de Transporte y Obras P\u00fablicas (MTOP) realiza obras de compactaci\u00f3n de terreno para la construcci\u00f3n del segundo tramo de una ciclov\u00eda. \u00a0Pablo Segale, titular de la&hellip; <a href=\"https:\/\/www.ambienteyenergia.gob.ec\/ambiente\/arboles-de-la-via-a-la-costa-seran-retirados-cuando-el-mae-apruebe-el-plan-de-manejo-ambiental-al-mtop\/\">Read more &rarr;<\/a><\/p>\n","protected":false},"author":13,"featured_media":16169,"comment_status":"open","ping_status":"open","sticky":false,"template":"","format":"standard","meta":{"footnotes":""},"categories":[16,4],"tags":[346,63,53,54],"class_list":["post-16208","post","type-post","status-publish","format-standard","has-post-thumbnail","hentry","category-comunicamos","category-noticias","tag-arboles","tag-guayas","tag-mae","tag-ministerio-del-ambiente","xfolkentry"],"_links":{"self":[{"href":"https:\/\/www.ambienteyenergia.gob.ec\/ambiente\/wp-json\/wp\/v2\/posts\/16208","targetHints":{"allow":["GET"]}}],"collection":[{"href":"https:\/\/www.ambienteyenergia.gob.ec\/ambiente\/wp-json\/wp\/v2\/posts"}],"about":[{"href":"https:\/\/www.ambienteyenergia.gob.ec\/ambiente\/wp-json\/wp\/v2\/types\/post"}],"author":[{"embeddable":true,"href":"https:\/\/www.ambienteyenergia.gob.ec\/ambiente\/wp-json\/wp\/v2\/users\/13"}],"replies":[{"embeddable":true,"href":"https:\/\/www.ambienteyenergia.gob.ec\/ambiente\/wp-json\/wp\/v2\/comments?post=16208"}],"version-history":[{"count":0,"href":"https:\/\/www.ambienteyenergia.gob.ec\/ambiente\/wp-json\/wp\/v2\/posts\/16208\/revisions"}],"wp:featuredmedia":[{"embeddable":true,"href":"https:\/\/www.ambienteyenergia.gob.ec\/ambiente\/wp-json\/wp\/v2\/media\/16169"}],"wp:attachment":[{"href":"https:\/\/www.ambienteyenergia.gob.ec\/ambiente\/wp-json\/wp\/v2\/media?parent=16208"}],"wp:term":[{"taxonomy":"category","embeddable":true,"href":"https:\/\/www.ambienteyenergia.gob.ec\/ambiente\/wp-json\/wp\/v2\/categories?post=16208"},{"taxonomy":"post_tag","embeddable":true,"href":"https:\/\/www.ambienteyenergia.gob.ec\/ambiente\/wp-json\/wp\/v2\/tags?post=16208"}],"curies":[{"name":"wp","href":"https:\/\/api.w.org\/{rel}","templated":true}]}}