{"id":16202,"date":"2013-10-24T16:57:14","date_gmt":"2013-10-24T21:57:14","guid":{"rendered":"http:\/\/www.ambiente.gob.ec\/?p=16202"},"modified":"2013-10-24T16:58:30","modified_gmt":"2013-10-24T21:58:30","slug":"24-de-octubre-dia-internacional-de-la-accion-climatica","status":"publish","type":"post","link":"https:\/\/www.ambienteyenergia.gob.ec\/ambiente\/24-de-octubre-dia-internacional-de-la-accion-climatica\/","title":{"rendered":"24 de octubre, D\u00eda internacional de la acci\u00f3n clim\u00e1tica"},"content":{"rendered":"<p style=\"text-align: justify;\">El 24 de octubre del 2009, como un medio de presi\u00f3n a los delegados que acud\u00edan a la reuni\u00f3n de la Convenci\u00f3n Marco de las Naciones Unidas sobre el Cambio Clim\u00e1tico\u00a0 (CMNUCC), la organizaci\u00f3n 350.org realiz\u00f3 diferentes actividades para impactar a la opini\u00f3n p\u00fablica sobre este fen\u00f3meno.<\/p>\n<p style=\"text-align: justify;\">Esta organizaci\u00f3n fue fundada por el Bill McKibben, ecologista y escritor estadunidense y\u00a0 tom\u00f3 su nombre de \u201c350\u201d por la tesis del cient\u00edfico clim\u00e1tico James Hansen, quien sostiene que cualquier concentraci\u00f3n de CO2 por encima de 350 partes por mill\u00f3n es insegura.<\/p>\n<p style=\"text-align: justify;\">El cient\u00edfico afirm\u00f3 que \u00absi la humanidad quiere preservar un planeta similar a aqu\u00e9l en el que la civilizaci\u00f3n se desarroll\u00f3 y al que la vida en la Tierra est\u00e1 adaptada, evidencias paleoclim\u00e1ticas y el cambio clim\u00e1tico en curso exigen que el CO2 sea reducido de las 385 partes por mill\u00f3n (ppm) actuales, a 350 ppm como mucho, pero probablemente incluso menos que eso.\u201d<\/p>\n<p style=\"text-align: justify;\"><strong>Cambio clim\u00e1tico en Ecuador<\/strong><\/p>\n<p style=\"text-align: justify;\">En el a\u00f1o 2009, el Gobierno reconoci\u00f3 al cambio clim\u00e1tico como un riesgo para el desarrollo econ\u00f3mico, ambiental y social del pa\u00eds y declar\u00f3 a las acciones de adaptaci\u00f3n y mitigaci\u00f3n como una pol\u00edtica de Estado. Adem\u00e1s, en octubre de ese mismo a\u00f1o, el MAE cre\u00f3 la Subsecretar\u00eda de Cambio Clim\u00e1tico (SCC).<\/p>\n<p style=\"text-align: justify;\">En este contexto, la Subsecretar\u00eda de Cambio Clim\u00e1tico impulsa varios procesos para establecer medidas de adaptaci\u00f3n a nuevas condiciones clim\u00e1ticas con el fin de reducir la vulnerabilidad de la poblaci\u00f3n ante los riesgos; por otro lado, se promueven medidas de mitigaci\u00f3n para apoyar a la reducci\u00f3n de emisiones de gases de efecto invernadero (GEI). De esta manera, se busca fortalecer la implementaci\u00f3n del uso de energ\u00edas limpias, el ahorro y uso racional de energ\u00eda, en miras de apoyar a la reducci\u00f3n de la dependencia\u00a0 a los combustibles f\u00f3siles.<\/p>\n<p style=\"text-align: justify;\">Actualmente, se desarrolla el <strong>Plan Nacional de Cambio Clim\u00e1tico (PNCC), q<\/strong>ue dar\u00e1 fundamentos a la gesti\u00f3n del cambio clim\u00e1tico y permitir\u00e1 trabajar de manera conjunta a todos los actores gubernamentales y privados. Este plan tendr\u00e1 como vigencia el mandato presidencial y estar\u00e1 articulado a la Estrategia Nacional de Cambio Clim\u00e1tico.<\/p>\n<p style=\"text-align: justify;\"><strong>El dato<\/strong><\/p>\n<p style=\"text-align: justify;\">El MAE, consciente de estos fen\u00f3menos y de sus efectos, oficializ\u00f3\u00a0 desde el presente a\u00f1o, el 21 de febrero como\u00a0 el \u201cPrimer D\u00eda Nacional de la Lucha contra el Cambio Clim\u00e1tico\u201d.<\/p>\n<p style=\"text-align: justify;\"><a href=\"http:\/\/www.ambienteyenergia.gob.ec\/ambiente\/wp-content\/uploads\/2013\/10\/cc21.jpg\"><img loading=\"lazy\" decoding=\"async\" class=\"aligncenter size-full wp-image-16206\" title=\"Accion clim\u00e1tica\" src=\"http:\/\/www.ambienteyenergia.gob.ec\/ambiente\/wp-content\/uploads\/2013\/10\/cc21.jpg\" alt=\"\" width=\"841\" height=\"401\" srcset=\"https:\/\/www.ambienteyenergia.gob.ec\/ambiente\/wp-content\/uploads\/sites\/2\/2013\/10\/cc21.jpg 841w, https:\/\/www.ambienteyenergia.gob.ec\/ambiente\/wp-content\/uploads\/sites\/2\/2013\/10\/cc21-300x143.jpg 300w, https:\/\/www.ambienteyenergia.gob.ec\/ambiente\/wp-content\/uploads\/sites\/2\/2013\/10\/cc21-500x238.jpg 500w\" sizes=\"auto, (max-width: 841px) 100vw, 841px\" \/><\/a><\/p>\n","protected":false},"excerpt":{"rendered":"<p class=\"excerpt\">El 24 de octubre del 2009, como un medio de presi\u00f3n a los delegados que acud\u00edan a la reuni\u00f3n de la Convenci\u00f3n Marco de las Naciones Unidas sobre el Cambio Clim\u00e1tico\u00a0 (CMNUCC), la organizaci\u00f3n 350.org realiz\u00f3 diferentes actividades para impactar a la opini\u00f3n p\u00fablica sobre este fen\u00f3meno. Esta organizaci\u00f3n fue fundada por el Bill McKibben, ecologista y escritor estadunidense y\u00a0&hellip; <a href=\"https:\/\/www.ambienteyenergia.gob.ec\/ambiente\/24-de-octubre-dia-internacional-de-la-accion-climatica\/\">Read more &rarr;<\/a><\/p>\n","protected":false},"author":13,"featured_media":16204,"comment_status":"open","ping_status":"open","sticky":false,"template":"","format":"standard","meta":{"footnotes":""},"categories":[16,4],"tags":[],"class_list":["post-16202","post","type-post","status-publish","format-standard","has-post-thumbnail","hentry","category-comunicamos","category-noticias","xfolkentry"],"_links":{"self":[{"href":"https:\/\/www.ambienteyenergia.gob.ec\/ambiente\/wp-json\/wp\/v2\/posts\/16202","targetHints":{"allow":["GET"]}}],"collection":[{"href":"https:\/\/www.ambienteyenergia.gob.ec\/ambiente\/wp-json\/wp\/v2\/posts"}],"about":[{"href":"https:\/\/www.ambienteyenergia.gob.ec\/ambiente\/wp-json\/wp\/v2\/types\/post"}],"author":[{"embeddable":true,"href":"https:\/\/www.ambienteyenergia.gob.ec\/ambiente\/wp-json\/wp\/v2\/users\/13"}],"replies":[{"embeddable":true,"href":"https:\/\/www.ambienteyenergia.gob.ec\/ambiente\/wp-json\/wp\/v2\/comments?post=16202"}],"version-history":[{"count":0,"href":"https:\/\/www.ambienteyenergia.gob.ec\/ambiente\/wp-json\/wp\/v2\/posts\/16202\/revisions"}],"wp:featuredmedia":[{"embeddable":true,"href":"https:\/\/www.ambienteyenergia.gob.ec\/ambiente\/wp-json\/wp\/v2\/media\/16204"}],"wp:attachment":[{"href":"https:\/\/www.ambienteyenergia.gob.ec\/ambiente\/wp-json\/wp\/v2\/media?parent=16202"}],"wp:term":[{"taxonomy":"category","embeddable":true,"href":"https:\/\/www.ambienteyenergia.gob.ec\/ambiente\/wp-json\/wp\/v2\/categories?post=16202"},{"taxonomy":"post_tag","embeddable":true,"href":"https:\/\/www.ambienteyenergia.gob.ec\/ambiente\/wp-json\/wp\/v2\/tags?post=16202"}],"curies":[{"name":"wp","href":"https:\/\/api.w.org\/{rel}","templated":true}]}}