{"id":16194,"date":"2013-10-24T14:13:04","date_gmt":"2013-10-24T19:13:04","guid":{"rendered":"http:\/\/www.ambiente.gob.ec\/?p=16194"},"modified":"2013-10-24T14:13:04","modified_gmt":"2013-10-24T19:13:04","slug":"mae-libero-tres-tortugas-de-la-especie-chelonia-mydas-en-esmeraldas","status":"publish","type":"post","link":"https:\/\/www.ambienteyenergia.gob.ec\/ambiente\/mae-libero-tres-tortugas-de-la-especie-chelonia-mydas-en-esmeraldas\/","title":{"rendered":"MAE liber\u00f3 tres tortugas de la especie Chelonia mydas, en Esmeraldas"},"content":{"rendered":"<p style=\"text-align: justify;\">T\u00e9cnicos de la Unidad de Calidad Ambiental del Ministerio del Ambiente (MAE) liberaron a tres tortugas marinas que se encontraban atrapadas en un red para pesca de corvina y langostinos, en la Reserva Marina San Francisco \u2013 Galera, cant\u00f3n Muisne, al sur de la provincia de Esmeraldas.<\/p>\n<p style=\"text-align: justify;\">Los quelonios fueron vistos el mi\u00e9rcoles de esta semana, mientras se realizaba un paseo en lancha con el estudiante Alexis Ch\u00e1vez, ganador del concurso de dibujo y pintura que esta Cartera de Estado efectu\u00f3 el pasado 26 de septiembre, al conmemorarse el D\u00eda Internacional de la Capa Ozono.<\/p>\n<p style=\"text-align: justify;\">Al llegar al faro entre Galeras y Estero de Pl\u00e1tano, se encontr\u00f3 a las tortugas atrapadas en la red de aproximadamente 300 metros de extensi\u00f3n. En este rescate contribuy\u00f3 tambi\u00e9n personal de la Reserva Marina<\/p>\n<p style=\"text-align: justify;\">La tortuga verde (Chelonia mydas) es una gran tortuga marina que pertenece a la familia de los quel\u00f3nidos (Chelonioidea). La especie se distribuye por los mares tropicales y subtropicales alrededor del mundo, con dos poblaciones distintas en los oc\u00e9anos Atl\u00e1ntico y Pac\u00edfico. Son verdes debido a la grasa que tienen debajo de su caparaz\u00f3n. Muchas tortugas quedan atrapadas en las redes de pesca y mueren ahogadas.<\/p>\n","protected":false},"excerpt":{"rendered":"<p class=\"excerpt\">T\u00e9cnicos de la Unidad de Calidad Ambiental del Ministerio del Ambiente (MAE) liberaron a tres tortugas marinas que se encontraban atrapadas en un red para pesca de corvina y langostinos, en la Reserva Marina San Francisco \u2013 Galera, cant\u00f3n Muisne, al sur de la provincia de Esmeraldas. Los quelonios fueron vistos el mi\u00e9rcoles de esta semana, mientras se realizaba un&hellip; <a href=\"https:\/\/www.ambienteyenergia.gob.ec\/ambiente\/mae-libero-tres-tortugas-de-la-especie-chelonia-mydas-en-esmeraldas\/\">Read more &rarr;<\/a><\/p>\n","protected":false},"author":13,"featured_media":16195,"comment_status":"open","ping_status":"open","sticky":false,"template":"","format":"standard","meta":{"footnotes":""},"categories":[16,4],"tags":[],"class_list":["post-16194","post","type-post","status-publish","format-standard","has-post-thumbnail","hentry","category-comunicamos","category-noticias","xfolkentry"],"_links":{"self":[{"href":"https:\/\/www.ambienteyenergia.gob.ec\/ambiente\/wp-json\/wp\/v2\/posts\/16194","targetHints":{"allow":["GET"]}}],"collection":[{"href":"https:\/\/www.ambienteyenergia.gob.ec\/ambiente\/wp-json\/wp\/v2\/posts"}],"about":[{"href":"https:\/\/www.ambienteyenergia.gob.ec\/ambiente\/wp-json\/wp\/v2\/types\/post"}],"author":[{"embeddable":true,"href":"https:\/\/www.ambienteyenergia.gob.ec\/ambiente\/wp-json\/wp\/v2\/users\/13"}],"replies":[{"embeddable":true,"href":"https:\/\/www.ambienteyenergia.gob.ec\/ambiente\/wp-json\/wp\/v2\/comments?post=16194"}],"version-history":[{"count":0,"href":"https:\/\/www.ambienteyenergia.gob.ec\/ambiente\/wp-json\/wp\/v2\/posts\/16194\/revisions"}],"wp:featuredmedia":[{"embeddable":true,"href":"https:\/\/www.ambienteyenergia.gob.ec\/ambiente\/wp-json\/wp\/v2\/media\/16195"}],"wp:attachment":[{"href":"https:\/\/www.ambienteyenergia.gob.ec\/ambiente\/wp-json\/wp\/v2\/media?parent=16194"}],"wp:term":[{"taxonomy":"category","embeddable":true,"href":"https:\/\/www.ambienteyenergia.gob.ec\/ambiente\/wp-json\/wp\/v2\/categories?post=16194"},{"taxonomy":"post_tag","embeddable":true,"href":"https:\/\/www.ambienteyenergia.gob.ec\/ambiente\/wp-json\/wp\/v2\/tags?post=16194"}],"curies":[{"name":"wp","href":"https:\/\/api.w.org\/{rel}","templated":true}]}}