{"id":16188,"date":"2013-10-24T12:15:00","date_gmt":"2013-10-24T17:15:00","guid":{"rendered":"http:\/\/www.ambiente.gob.ec\/?p=16188"},"modified":"2013-10-24T12:15:00","modified_gmt":"2013-10-24T17:15:00","slug":"23-promotores-ambientales-culminaron-con-exito-la-segunda-jornada-de-ecotalleres-carchi","status":"publish","type":"post","link":"https:\/\/www.ambienteyenergia.gob.ec\/ambiente\/23-promotores-ambientales-culminaron-con-exito-la-segunda-jornada-de-ecotalleres-carchi\/","title":{"rendered":"23 promotores ambientales culminaron con \u00e9xito la segunda jornada de ecotalleres (Carchi)"},"content":{"rendered":"<p style=\"text-align: justify;\">De acuerdo al convenio firmado entre el Ministerio del Ambiente (MAE) y el Consejo Nacional de Gobiernos Parroquiales Rurales del Ecuador (CONAGOPARE), en este 2013 se desarrolla\u00a0\u00a0\u00a0 el proceso de capacitaci\u00f3n en cuatro parroquias de la provincia del Carchi. E ese contexto, el pasado 21 de octubre, se concluy\u00f3 el segundo ecotaller en la parroquia La Concepci\u00f3n, con la participaci\u00f3n de 23 ecotalleristas ambientales comunitarios, quienes superaron la evaluaci\u00f3n que les realiz\u00f3 la Escuela Polit\u00e9cnica del Ej\u00e9rcito (ESPE).<\/p>\n<p style=\"text-align: justify;\">La Concepci\u00f3n se convierte en la segunda parroquia beneficiada en la que el MAE ha intervenido con el proyecto de Educaci\u00f3n Ambiental Ciudadana \u201cSomos parte de la Soluci\u00f3n\u201d y su componente Ecotalleres para la formaci\u00f3n de Promotores Ambientales Comunitarios.<\/p>\n<p style=\"text-align: justify;\">Actualmente, la Direcci\u00f3n Provincial del Ambiente del Carchi trabaja en las jornadas de capacitaci\u00f3n en educaci\u00f3n ambiental en dos parroquias: Maldonado y Chical. Se tiene previsto finalizar con este proceso de aprendizaje en diciembre del 2013.<\/p>\n<p style=\"text-align: justify;\">Los Ecotalleres fueron planteados como una escuela ambiental no formal, dedicada a informar y reforzar el trabajo de los l\u00edderes de las parroquias rurales en territorio, apoyar la gesti\u00f3n ambiental local, identificar sus problemas socioambientales y generar soluciones.<\/p>\n<div id='gallery-1' class='gallery galleryid-16188 gallery-columns-4 gallery-size-thumbnail'><dl class='gallery-item'>\n\t\t\t<dt class='gallery-icon landscape'>\n\t\t\t\t<a href='https:\/\/www.ambienteyenergia.gob.ec\/ambiente\/23-promotores-ambientales-culminaron-con-exito-la-segunda-jornada-de-ecotalleres-carchi\/el-chical\/'><img loading=\"lazy\" decoding=\"async\" width=\"150\" height=\"150\" src=\"https:\/\/www.ambienteyenergia.gob.ec\/ambiente\/wp-content\/uploads\/sites\/2\/2013\/10\/El-Chical-150x150.jpg\" class=\"attachment-thumbnail size-thumbnail\" alt=\"\" \/><\/a>\n\t\t\t<\/dt><\/dl><dl class='gallery-item'>\n\t\t\t<dt class='gallery-icon landscape'>\n\t\t\t\t<a href='https:\/\/www.ambienteyenergia.gob.ec\/ambiente\/23-promotores-ambientales-culminaron-con-exito-la-segunda-jornada-de-ecotalleres-carchi\/la-concepcion\/'><img loading=\"lazy\" decoding=\"async\" width=\"150\" height=\"150\" src=\"https:\/\/www.ambienteyenergia.gob.ec\/ambiente\/wp-content\/uploads\/sites\/2\/2013\/10\/La-Concepci\u00f3n-150x150.jpg\" class=\"attachment-thumbnail size-thumbnail\" alt=\"\" \/><\/a>\n\t\t\t<\/dt><\/dl><dl class='gallery-item'>\n\t\t\t<dt class='gallery-icon landscape'>\n\t\t\t\t<a href='https:\/\/www.ambienteyenergia.gob.ec\/ambiente\/23-promotores-ambientales-culminaron-con-exito-la-segunda-jornada-de-ecotalleres-carchi\/maldonado1\/'><img loading=\"lazy\" decoding=\"async\" width=\"150\" height=\"150\" src=\"https:\/\/www.ambienteyenergia.gob.ec\/ambiente\/wp-content\/uploads\/sites\/2\/2013\/10\/Maldonado1-150x150.jpg\" class=\"attachment-thumbnail size-thumbnail\" alt=\"\" \/><\/a>\n\t\t\t<\/dt><\/dl><dl class='gallery-item'>\n\t\t\t<dt class='gallery-icon landscape'>\n\t\t\t\t<a href='https:\/\/www.ambienteyenergia.gob.ec\/ambiente\/23-promotores-ambientales-culminaron-con-exito-la-segunda-jornada-de-ecotalleres-carchi\/maldonado2\/'><img loading=\"lazy\" decoding=\"async\" width=\"150\" height=\"150\" src=\"https:\/\/www.ambienteyenergia.gob.ec\/ambiente\/wp-content\/uploads\/sites\/2\/2013\/10\/Maldonado2-150x150.jpg\" class=\"attachment-thumbnail size-thumbnail\" alt=\"\" \/><\/a>\n\t\t\t<\/dt><\/dl><br style=\"clear: both\" \/>\n\t\t<\/div>\n\n","protected":false},"excerpt":{"rendered":"<p class=\"excerpt\">De acuerdo al convenio firmado entre el Ministerio del Ambiente (MAE) y el Consejo Nacional de Gobiernos Parroquiales Rurales del Ecuador (CONAGOPARE), en este 2013 se desarrolla\u00a0\u00a0\u00a0 el proceso de capacitaci\u00f3n en cuatro parroquias de la provincia del Carchi. E ese contexto, el pasado 21 de octubre, se concluy\u00f3 el segundo ecotaller en la parroquia La Concepci\u00f3n, con la participaci\u00f3n&hellip; <a href=\"https:\/\/www.ambienteyenergia.gob.ec\/ambiente\/23-promotores-ambientales-culminaron-con-exito-la-segunda-jornada-de-ecotalleres-carchi\/\">Read more &rarr;<\/a><\/p>\n","protected":false},"author":13,"featured_media":16192,"comment_status":"open","ping_status":"open","sticky":false,"template":"","format":"standard","meta":{"footnotes":""},"categories":[16,4],"tags":[],"class_list":["post-16188","post","type-post","status-publish","format-standard","has-post-thumbnail","hentry","category-comunicamos","category-noticias","xfolkentry"],"_links":{"self":[{"href":"https:\/\/www.ambienteyenergia.gob.ec\/ambiente\/wp-json\/wp\/v2\/posts\/16188","targetHints":{"allow":["GET"]}}],"collection":[{"href":"https:\/\/www.ambienteyenergia.gob.ec\/ambiente\/wp-json\/wp\/v2\/posts"}],"about":[{"href":"https:\/\/www.ambienteyenergia.gob.ec\/ambiente\/wp-json\/wp\/v2\/types\/post"}],"author":[{"embeddable":true,"href":"https:\/\/www.ambienteyenergia.gob.ec\/ambiente\/wp-json\/wp\/v2\/users\/13"}],"replies":[{"embeddable":true,"href":"https:\/\/www.ambienteyenergia.gob.ec\/ambiente\/wp-json\/wp\/v2\/comments?post=16188"}],"version-history":[{"count":0,"href":"https:\/\/www.ambienteyenergia.gob.ec\/ambiente\/wp-json\/wp\/v2\/posts\/16188\/revisions"}],"wp:featuredmedia":[{"embeddable":true,"href":"https:\/\/www.ambienteyenergia.gob.ec\/ambiente\/wp-json\/wp\/v2\/media\/16192"}],"wp:attachment":[{"href":"https:\/\/www.ambienteyenergia.gob.ec\/ambiente\/wp-json\/wp\/v2\/media?parent=16188"}],"wp:term":[{"taxonomy":"category","embeddable":true,"href":"https:\/\/www.ambienteyenergia.gob.ec\/ambiente\/wp-json\/wp\/v2\/categories?post=16188"},{"taxonomy":"post_tag","embeddable":true,"href":"https:\/\/www.ambienteyenergia.gob.ec\/ambiente\/wp-json\/wp\/v2\/tags?post=16188"}],"curies":[{"name":"wp","href":"https:\/\/api.w.org\/{rel}","templated":true}]}}