{"id":16184,"date":"2013-10-24T09:16:44","date_gmt":"2013-10-24T14:16:44","guid":{"rendered":"http:\/\/www.ambiente.gob.ec\/?p=16184"},"modified":"2013-10-24T09:16:44","modified_gmt":"2013-10-24T14:16:44","slug":"mae-entrego-35-certificados-a-promotores-ambientales-en-chimborazo","status":"publish","type":"post","link":"https:\/\/www.ambienteyenergia.gob.ec\/ambiente\/mae-entrego-35-certificados-a-promotores-ambientales-en-chimborazo\/","title":{"rendered":"MAE entreg\u00f3 35 certificados a Promotores Ambientales en Chimborazo"},"content":{"rendered":"<p style=\"text-align: justify;\">El Ministerio del Ambiente de Ecuador (MAE), a trav\u00e9s la Direcci\u00f3n Provincial de Chimborazo, entreg\u00f3 de 35 certificados a los Promotores Ambientales Comunitarios formados en la parroquia Achupallas del cant\u00f3n Alaus\u00ed. Esto Como parte del Plan Nacional de Educaci\u00f3n Ambiental Ciudadana que ejecuta la Direcci\u00f3n de Informaci\u00f3n, Seguimiento y Evaluaci\u00f3n, con el aval de la Escuela Superior Polit\u00e9cnica del Ej\u00e9rcito.<\/p>\n<p style=\"text-align: justify;\">Estos l\u00edderes comunitarios est\u00e1n conscientes que la educaci\u00f3n ambiental tiene un rol fundamental en el cambio de h\u00e1bitos de la poblaci\u00f3n. Con la aplicaci\u00f3n de iniciativas como estas se busca crear conciencia, pero tambi\u00e9n se pretende impartir conocimientos, desarrollar habilidades y asumir compromisos ciudadanos con el ambiente.<\/p>\n<p style=\"text-align: justify;\">Valeria Andrade, coordinadora del Plan Nacional de Educaci\u00f3n Ambiental, afirm\u00f3 que\u00a0 el verdadero reto ahora se encuentra en manos de los l\u00edderes de las juntas parroquiales, quienes despu\u00e9s de interpretar las caracter\u00edsticas ambientales ubicadas en su entorno, tendr\u00e1n que aplicar los instrumentos aprendidos para emprender ejercicios pr\u00e1cticos de prevenci\u00f3n, remediaci\u00f3n y mitigaci\u00f3n de los da\u00f1os ambientales, as\u00ed como la preservaci\u00f3n de la naturaleza.<\/p>\n<p style=\"text-align: justify;\">Por su parte, Magaly Oviedo, Directora Provincial del Ambiente de Chimborazo, comprometi\u00f3 a los promotores a trabajar en su localidad, impulsando la participaci\u00f3n ciudadana en procesos de planificaci\u00f3n, gesti\u00f3n y seguimiento de las pol\u00edticas, planes y proyectos que orienten al desarrollo sostenible y a la educaci\u00f3n ambiental, tanto a nivel local como regional.<\/p>\n","protected":false},"excerpt":{"rendered":"<p class=\"excerpt\">El Ministerio del Ambiente de Ecuador (MAE), a trav\u00e9s la Direcci\u00f3n Provincial de Chimborazo, entreg\u00f3 de 35 certificados a los Promotores Ambientales Comunitarios formados en la parroquia Achupallas del cant\u00f3n Alaus\u00ed. Esto Como parte del Plan Nacional de Educaci\u00f3n Ambiental Ciudadana que ejecuta la Direcci\u00f3n de Informaci\u00f3n, Seguimiento y Evaluaci\u00f3n, con el aval de la Escuela Superior Polit\u00e9cnica del Ej\u00e9rcito.&hellip; <a href=\"https:\/\/www.ambienteyenergia.gob.ec\/ambiente\/mae-entrego-35-certificados-a-promotores-ambientales-en-chimborazo\/\">Read more &rarr;<\/a><\/p>\n","protected":false},"author":13,"featured_media":16186,"comment_status":"open","ping_status":"open","sticky":false,"template":"","format":"standard","meta":{"footnotes":""},"categories":[16,4],"tags":[],"class_list":["post-16184","post","type-post","status-publish","format-standard","has-post-thumbnail","hentry","category-comunicamos","category-noticias","xfolkentry"],"_links":{"self":[{"href":"https:\/\/www.ambienteyenergia.gob.ec\/ambiente\/wp-json\/wp\/v2\/posts\/16184","targetHints":{"allow":["GET"]}}],"collection":[{"href":"https:\/\/www.ambienteyenergia.gob.ec\/ambiente\/wp-json\/wp\/v2\/posts"}],"about":[{"href":"https:\/\/www.ambienteyenergia.gob.ec\/ambiente\/wp-json\/wp\/v2\/types\/post"}],"author":[{"embeddable":true,"href":"https:\/\/www.ambienteyenergia.gob.ec\/ambiente\/wp-json\/wp\/v2\/users\/13"}],"replies":[{"embeddable":true,"href":"https:\/\/www.ambienteyenergia.gob.ec\/ambiente\/wp-json\/wp\/v2\/comments?post=16184"}],"version-history":[{"count":0,"href":"https:\/\/www.ambienteyenergia.gob.ec\/ambiente\/wp-json\/wp\/v2\/posts\/16184\/revisions"}],"wp:featuredmedia":[{"embeddable":true,"href":"https:\/\/www.ambienteyenergia.gob.ec\/ambiente\/wp-json\/wp\/v2\/media\/16186"}],"wp:attachment":[{"href":"https:\/\/www.ambienteyenergia.gob.ec\/ambiente\/wp-json\/wp\/v2\/media?parent=16184"}],"wp:term":[{"taxonomy":"category","embeddable":true,"href":"https:\/\/www.ambienteyenergia.gob.ec\/ambiente\/wp-json\/wp\/v2\/categories?post=16184"},{"taxonomy":"post_tag","embeddable":true,"href":"https:\/\/www.ambienteyenergia.gob.ec\/ambiente\/wp-json\/wp\/v2\/tags?post=16184"}],"curies":[{"name":"wp","href":"https:\/\/api.w.org\/{rel}","templated":true}]}}