{"id":16180,"date":"2013-10-24T08:44:39","date_gmt":"2013-10-24T13:44:39","guid":{"rendered":"http:\/\/www.ambiente.gob.ec\/?p=16180"},"modified":"2013-10-24T08:44:39","modified_gmt":"2013-10-24T13:44:39","slug":"ministra-de-ambiente-de-chile-visita-las-islas-galapagos","status":"publish","type":"post","link":"https:\/\/www.ambienteyenergia.gob.ec\/ambiente\/ministra-de-ambiente-de-chile-visita-las-islas-galapagos\/","title":{"rendered":"Ministra de Ambiente de Chile visita las islas Gal\u00e1pagos"},"content":{"rendered":"<p style=\"text-align: justify;\"><strong>A su llegada fue recibida por las principales autoridades ambientales de la provincia.<\/strong><\/p>\n<p style=\"text-align: justify;\">Ayer, la Ministra de Ambiente de Chile, Ignacia Ben\u00edtez, junto a su comitiva, arrib\u00f3 a Gal\u00e1pagos, con el fin de conocer sobre los esfuerzos ecuatorianos para conservar y restaurar los ecosistemas del archipi\u00e9lago y con ello fomentar el buen vivir de los habitantes.<\/p>\n<p style=\"text-align: justify;\">A su llegada a Baltra, Ben\u00edtez fue recibida por el Director del Parque Nacional Gal\u00e1pagos (DPNG), Arturo Izurieta y la Directora de la Agencia de Regulaci\u00f3n y Control de la \u00a0Bioseguridad y Cuarentena para Gal\u00e1pagos (ABG), Marilyn Cruz. Inmediatamente, junto a las autoridades del Aeropuerto Ecol\u00f3gico de Gal\u00e1pagos (Ecogal) realiz\u00f3 un recorrido por las instalaciones de esta novedosa infraestructura aeroportuaria para conocer el manejo sostenible del mismo.<\/p>\n<p style=\"text-align: justify;\">Durante la tarde, la comitiva chilena liderada por la Ministra de Ambiente de Chile, particip\u00f3 de una reuni\u00f3n en las instalaciones de la Direcci\u00f3n del Parque Nacional Gal\u00e1pagos donde conocieron de la gesti\u00f3n de las \u00e1reas protegidas y sostenibilidad de las islas, su normativa, gobernanza, y el control y manejo de especies introducidas con el objetivo de garantizar la bioseguridad, considerando que Gal\u00e1pagos es un ecosistema altamente sensible. Asimismo, trataron otros temas, que involucran la ejecuci\u00f3n de programas y proyectos para la conservaci\u00f3n y desarrollo del archipi\u00e9lago.<\/p>\n<p style=\"text-align: justify;\">Durante la reuni\u00f3n fue notable el inter\u00e9s por parte de la Ministra Ben\u00edtez y su comitiva por entender la din\u00e1mica del desarrollo y administraci\u00f3n de un parque nacional tan importante como Gal\u00e1pagos.<\/p>\n<p style=\"text-align: justify;\">Hoy, la comitiva chilena, junto a las autoridades ecuatorianas, visitar\u00e1n la isla Seymour Norte, para conocer en el sitio sobre los diferentes programas de manejo que ejecuta el Ministerio de Ambiente de Ecuador (MAE), a trav\u00e9s de la DPNG para la conservaci\u00f3n de los ecosistemas de las islas. Por la tarde, recorrer\u00e1n el Centro de Reproducci\u00f3n y Crianza en Cautiverio \u201cFausto Llerena\u201d, de la DPNG, en Santa Cruz.<\/p>\n","protected":false},"excerpt":{"rendered":"<p class=\"excerpt\">A su llegada fue recibida por las principales autoridades ambientales de la provincia. Ayer, la Ministra de Ambiente de Chile, Ignacia Ben\u00edtez, junto a su comitiva, arrib\u00f3 a Gal\u00e1pagos, con el fin de conocer sobre los esfuerzos ecuatorianos para conservar y restaurar los ecosistemas del archipi\u00e9lago y con ello fomentar el buen vivir de los habitantes. A su llegada a&hellip; <a href=\"https:\/\/www.ambienteyenergia.gob.ec\/ambiente\/ministra-de-ambiente-de-chile-visita-las-islas-galapagos\/\">Read more &rarr;<\/a><\/p>\n","protected":false},"author":13,"featured_media":16181,"comment_status":"open","ping_status":"open","sticky":false,"template":"","format":"standard","meta":{"footnotes":""},"categories":[16,4],"tags":[],"class_list":["post-16180","post","type-post","status-publish","format-standard","has-post-thumbnail","hentry","category-comunicamos","category-noticias","xfolkentry"],"_links":{"self":[{"href":"https:\/\/www.ambienteyenergia.gob.ec\/ambiente\/wp-json\/wp\/v2\/posts\/16180","targetHints":{"allow":["GET"]}}],"collection":[{"href":"https:\/\/www.ambienteyenergia.gob.ec\/ambiente\/wp-json\/wp\/v2\/posts"}],"about":[{"href":"https:\/\/www.ambienteyenergia.gob.ec\/ambiente\/wp-json\/wp\/v2\/types\/post"}],"author":[{"embeddable":true,"href":"https:\/\/www.ambienteyenergia.gob.ec\/ambiente\/wp-json\/wp\/v2\/users\/13"}],"replies":[{"embeddable":true,"href":"https:\/\/www.ambienteyenergia.gob.ec\/ambiente\/wp-json\/wp\/v2\/comments?post=16180"}],"version-history":[{"count":0,"href":"https:\/\/www.ambienteyenergia.gob.ec\/ambiente\/wp-json\/wp\/v2\/posts\/16180\/revisions"}],"wp:featuredmedia":[{"embeddable":true,"href":"https:\/\/www.ambienteyenergia.gob.ec\/ambiente\/wp-json\/wp\/v2\/media\/16181"}],"wp:attachment":[{"href":"https:\/\/www.ambienteyenergia.gob.ec\/ambiente\/wp-json\/wp\/v2\/media?parent=16180"}],"wp:term":[{"taxonomy":"category","embeddable":true,"href":"https:\/\/www.ambienteyenergia.gob.ec\/ambiente\/wp-json\/wp\/v2\/categories?post=16180"},{"taxonomy":"post_tag","embeddable":true,"href":"https:\/\/www.ambienteyenergia.gob.ec\/ambiente\/wp-json\/wp\/v2\/tags?post=16180"}],"curies":[{"name":"wp","href":"https:\/\/api.w.org\/{rel}","templated":true}]}}