{"id":16177,"date":"2013-10-23T16:49:53","date_gmt":"2013-10-23T21:49:53","guid":{"rendered":"http:\/\/www.ambiente.gob.ec\/?p=16177"},"modified":"2013-10-23T16:49:53","modified_gmt":"2013-10-23T21:49:53","slug":"socializaciones-sobre-incentivos-avanzan-en-esmeraldas","status":"publish","type":"post","link":"https:\/\/www.ambienteyenergia.gob.ec\/ambiente\/socializaciones-sobre-incentivos-avanzan-en-esmeraldas\/","title":{"rendered":"Socializaciones sobre incentivos avanzan en Esmeraldas"},"content":{"rendered":"<p style=\"text-align: justify;\">El Ministerio del Ambiente (MAE), a trav\u00e9s del Programa Socio Bosque, contin\u00faa la promoci\u00f3n de los beneficios de los incentivos forestales que ofrece esta cartera de Estado en el marco de la moratoria declarada en la provincia de Esmeraldas.<\/p>\n<p style=\"text-align: justify;\">Seg\u00fan informaci\u00f3n de Socio Bosque, el equipo t\u00e9cnico ha realizado m\u00faltiples socializaciones y visitas a organismos y ciudadanos interesados en participar de esta iniciativa ambiental que promueve la conservaci\u00f3n, restauraci\u00f3n activa y pasiva de bosques, reforestaci\u00f3n, manejo forestal, legalizaci\u00f3n de tierras, entre otros.<\/p>\n<p style=\"text-align: justify;\">Las comunidades socializadas de la provincia al momento constan: Centro Chachi Hoja Blanca, Comunidad Valle del Sade, Golondrinas, R\u00edo Santiago Cayapas, entre otras.<\/p>\n<p>En cuanto a las parroquias o sectores visitados constan: Col\u00f3n Eloy, Alto Tambo, Ricaurte, Santa Rita, San Francisco, Atacames, Tonsupa, Concepci\u00f3n, Atahualpa, entre otros.<\/p>\n<p>Los equipos de Socio Bosque est\u00e1n distribuidos en 4 centros de operaci\u00f3n a lo largo de la provincia y dos equipos especiales atienden intervenciones puntuales.<\/p>\n<p>Durante los encuentros con l\u00edderes comunitarios, presidentes de Juntas Parroquiales, cabildos, comunidades y asociaciones, Socio Bosque enfatiza sobre los beneficios del mantenimiento y recuperaci\u00f3n de nuestros bosques. Uno de los principales requisitos para formar parte de este Programa es el t\u00edtulo de propiedad del postulante.<\/p>\n<p>El Gobierno de la Revoluci\u00f3n Ciudadana cre\u00f3 en el 2008 el Programa Socio Bosque, como parte de una respuesta contundente a la deforestaci\u00f3n de bosques en el pa\u00eds. En la actualidad, esta iniciativa integra la Pol\u00edtica de Gobernanza del Patrimonio Natural de la Subsecretaria de Patrimonio.<\/p>\n<p>Si usted desea que visiten su parroquia o sector en Esmeraldas, llame gratuitamente sin costo a la l\u00ednea gratuita de atenci\u00f3n 1800-AMBIENTE (262436), o puede escribir en la p\u00e1gina web de esta iniciativa ambiental: sociobosque.ambiente.gob.ec<\/p>\n","protected":false},"excerpt":{"rendered":"<p class=\"excerpt\">El Ministerio del Ambiente (MAE), a trav\u00e9s del Programa Socio Bosque, contin\u00faa la promoci\u00f3n de los beneficios de los incentivos forestales que ofrece esta cartera de Estado en el marco de la moratoria declarada en la provincia de Esmeraldas. Seg\u00fan informaci\u00f3n de Socio Bosque, el equipo t\u00e9cnico ha realizado m\u00faltiples socializaciones y visitas a organismos y ciudadanos interesados en participar&hellip; <a href=\"https:\/\/www.ambienteyenergia.gob.ec\/ambiente\/socializaciones-sobre-incentivos-avanzan-en-esmeraldas\/\">Read more &rarr;<\/a><\/p>\n","protected":false},"author":13,"featured_media":16178,"comment_status":"open","ping_status":"open","sticky":false,"template":"","format":"standard","meta":{"footnotes":""},"categories":[16,4],"tags":[],"class_list":["post-16177","post","type-post","status-publish","format-standard","has-post-thumbnail","hentry","category-comunicamos","category-noticias","xfolkentry"],"_links":{"self":[{"href":"https:\/\/www.ambienteyenergia.gob.ec\/ambiente\/wp-json\/wp\/v2\/posts\/16177","targetHints":{"allow":["GET"]}}],"collection":[{"href":"https:\/\/www.ambienteyenergia.gob.ec\/ambiente\/wp-json\/wp\/v2\/posts"}],"about":[{"href":"https:\/\/www.ambienteyenergia.gob.ec\/ambiente\/wp-json\/wp\/v2\/types\/post"}],"author":[{"embeddable":true,"href":"https:\/\/www.ambienteyenergia.gob.ec\/ambiente\/wp-json\/wp\/v2\/users\/13"}],"replies":[{"embeddable":true,"href":"https:\/\/www.ambienteyenergia.gob.ec\/ambiente\/wp-json\/wp\/v2\/comments?post=16177"}],"version-history":[{"count":0,"href":"https:\/\/www.ambienteyenergia.gob.ec\/ambiente\/wp-json\/wp\/v2\/posts\/16177\/revisions"}],"wp:featuredmedia":[{"embeddable":true,"href":"https:\/\/www.ambienteyenergia.gob.ec\/ambiente\/wp-json\/wp\/v2\/media\/16178"}],"wp:attachment":[{"href":"https:\/\/www.ambienteyenergia.gob.ec\/ambiente\/wp-json\/wp\/v2\/media?parent=16177"}],"wp:term":[{"taxonomy":"category","embeddable":true,"href":"https:\/\/www.ambienteyenergia.gob.ec\/ambiente\/wp-json\/wp\/v2\/categories?post=16177"},{"taxonomy":"post_tag","embeddable":true,"href":"https:\/\/www.ambienteyenergia.gob.ec\/ambiente\/wp-json\/wp\/v2\/tags?post=16177"}],"curies":[{"name":"wp","href":"https:\/\/api.w.org\/{rel}","templated":true}]}}