{"id":16172,"date":"2013-10-23T13:14:30","date_gmt":"2013-10-23T18:14:30","guid":{"rendered":"http:\/\/www.ambiente.gob.ec\/?p=16172"},"modified":"2013-10-23T13:23:30","modified_gmt":"2013-10-23T18:23:30","slug":"aproximadamente-1-000-m%c2%b3-de-madera-retenida-en-primer-mes-del-estado-de-excepcion-forestal-en-esmeraldas","status":"publish","type":"post","link":"https:\/\/www.ambienteyenergia.gob.ec\/ambiente\/aproximadamente-1-000-m%c2%b3-de-madera-retenida-en-primer-mes-del-estado-de-excepcion-forestal-en-esmeraldas\/","title":{"rendered":"Aproximadamente 1 000 m\u00b3 de madera retenida en primer mes del Estado de Excepci\u00f3n Forestal en Esmeraldas"},"content":{"rendered":"<p style=\"text-align: justify;\">Al cumplirse este 23 de octubre un mes del Estado del Excepci\u00f3n Forestal, decretado en la provincia de Esmeraldas, se lograron consolidar metas importantes planteadas al inicio de esta moratoria como el control de la tala de bosques nativos, la movilizaci\u00f3n y comercializaci\u00f3n ilegal de la madera, y el fortalecimiento de los incentivos econ\u00f3micos de conservaci\u00f3n impulsados por el programa Socio Bosque del Ministerio del Ambiente (MAE). Aproximadamente 1 000 m3 de madera decomisados y 20 automotores retenidos son el resultado de los operativos de control.<\/p>\n<p style=\"text-align: justify;\">En estas jornadas de inspecci\u00f3n y control alrededor de 1000 efectivos, entre polic\u00edas y militares, y cerca de 100 funcionarios del Ministerio del Ambiente trabajaron en conjunto con el fin de dar cumplimiento a lo que estipula el Decreto No. 116.<\/p>\n<p style=\"text-align: justify;\">La Directora Provincial del Ambiente de Esmeraldas, Narcisa C\u00e1rdenas, asegur\u00f3 que otra de las acciones contempladas en este Estado de Excepci\u00f3n es auditar 658 programas de aprovechamiento forestal emitidos por esta Cartera de Estado.<\/p>\n<p style=\"text-align: justify;\">Asimismo, otro de los componentes en ejecuci\u00f3n, son los planes de reforestaci\u00f3n, conservaci\u00f3n del bosque y comercializaci\u00f3n directa de la madera, por parte de los peque\u00f1os productores. Para ello, el MAE busc\u00f3 integrar a m\u00e1s participantes al programa de incentivos forestales de Socio Bosque. A partir de la fecha en que se declar\u00f3 la moratoria, 328 ciudadanos se registraron como interesados en convertirse en socios, inscribiendo sus predios, que abarcan cerca de 15 659 hect\u00e1reas. Entre ellas, constan 11 986 hect\u00e1reas de conservaci\u00f3n; 2 326,76 has en el proceso de facilitaci\u00f3n y legalizaci\u00f3n; 296 has de manejo forestal; 868 has de reforestaci\u00f3n o restauraci\u00f3n activa y 183 has de restauraci\u00f3n pasiva.<\/p>\n<p style=\"text-align: justify;\">Adem\u00e1s, el MAE brinda constante asesoramiento para obtener la licencia ambiental para los planes de aprovechamiento forestal y con los Gobiernos Aut\u00f3nomos Descentralizados parroquiales los planes de reforestaci\u00f3n en sus comunidades aleda\u00f1as.<\/p>\n<p style=\"text-align: justify;\">De igual forma, C\u00e1rdenas afirm\u00f3 que al finalizar estos dos meses, el Presidente de la Rep\u00fablica, Rafael Correa, y la Ministra del Ambiente, Lorena Tapia, contaran con informaci\u00f3n y elementos t\u00e9cnicos y legales que les permitir\u00e1n definir las pol\u00edticas y estrategias para continuar fomentando el Aprovechamiento Forestal Sostenible.<\/p>\n<p style=\"text-align: justify;\">Por su parte, Erick De Vacas, Comandante Naval del Comando de Operaciones Norte (Coopno), indic\u00f3 que en coordinaci\u00f3n con el MAE se cumplen acciones puntuales que se han expresado en resultados positivos sobre la tala indiscriminada y el inicio de procesos administrativos a los actores irregulares que movilizan y comercializan madera.<\/p>\n<p style=\"text-align: justify;\">Actualmente, el MAE y los organismos de inteligencia ejecutan el levantamiento de informaci\u00f3n del \u00e1rea, principalmente en los sitios de dif\u00edcil acceso donde se debe ingresar con un buen contingente y log\u00edstica, para tomar las medidas de precauci\u00f3n adecuadas y seguir trabajando.<\/p>\n<p style=\"text-align: justify;\">\n","protected":false},"excerpt":{"rendered":"<p class=\"excerpt\">Al cumplirse este 23 de octubre un mes del Estado del Excepci\u00f3n Forestal, decretado en la provincia de Esmeraldas, se lograron consolidar metas importantes planteadas al inicio de esta moratoria como el control de la tala de bosques nativos, la movilizaci\u00f3n y comercializaci\u00f3n ilegal de la madera, y el fortalecimiento de los incentivos econ\u00f3micos de conservaci\u00f3n impulsados por el programa&hellip; <a href=\"https:\/\/www.ambienteyenergia.gob.ec\/ambiente\/aproximadamente-1-000-m%c2%b3-de-madera-retenida-en-primer-mes-del-estado-de-excepcion-forestal-en-esmeraldas\/\">Read more &rarr;<\/a><\/p>\n","protected":false},"author":13,"featured_media":16173,"comment_status":"open","ping_status":"open","sticky":false,"template":"","format":"standard","meta":{"footnotes":""},"categories":[16,4],"tags":[55,333,53,54,345],"class_list":["post-16172","post","type-post","status-publish","format-standard","has-post-thumbnail","hentry","category-comunicamos","category-noticias","tag-esmeraldas","tag-estado-de-excepcion","tag-mae","tag-ministerio-del-ambiente","tag-moratoria","xfolkentry"],"_links":{"self":[{"href":"https:\/\/www.ambienteyenergia.gob.ec\/ambiente\/wp-json\/wp\/v2\/posts\/16172","targetHints":{"allow":["GET"]}}],"collection":[{"href":"https:\/\/www.ambienteyenergia.gob.ec\/ambiente\/wp-json\/wp\/v2\/posts"}],"about":[{"href":"https:\/\/www.ambienteyenergia.gob.ec\/ambiente\/wp-json\/wp\/v2\/types\/post"}],"author":[{"embeddable":true,"href":"https:\/\/www.ambienteyenergia.gob.ec\/ambiente\/wp-json\/wp\/v2\/users\/13"}],"replies":[{"embeddable":true,"href":"https:\/\/www.ambienteyenergia.gob.ec\/ambiente\/wp-json\/wp\/v2\/comments?post=16172"}],"version-history":[{"count":0,"href":"https:\/\/www.ambienteyenergia.gob.ec\/ambiente\/wp-json\/wp\/v2\/posts\/16172\/revisions"}],"wp:featuredmedia":[{"embeddable":true,"href":"https:\/\/www.ambienteyenergia.gob.ec\/ambiente\/wp-json\/wp\/v2\/media\/16173"}],"wp:attachment":[{"href":"https:\/\/www.ambienteyenergia.gob.ec\/ambiente\/wp-json\/wp\/v2\/media?parent=16172"}],"wp:term":[{"taxonomy":"category","embeddable":true,"href":"https:\/\/www.ambienteyenergia.gob.ec\/ambiente\/wp-json\/wp\/v2\/categories?post=16172"},{"taxonomy":"post_tag","embeddable":true,"href":"https:\/\/www.ambienteyenergia.gob.ec\/ambiente\/wp-json\/wp\/v2\/tags?post=16172"}],"curies":[{"name":"wp","href":"https:\/\/api.w.org\/{rel}","templated":true}]}}