{"id":16168,"date":"2013-10-23T11:20:10","date_gmt":"2013-10-23T16:20:10","guid":{"rendered":"http:\/\/www.ambiente.gob.ec\/?p=16168"},"modified":"2013-10-23T11:20:10","modified_gmt":"2013-10-23T16:20:10","slug":"mae-participo-en-foro-nacional-de-la-revolucion-del-mar-organizado-por-el-sector-pesquero-artesanal-de-el-oro-y-fenacopec","status":"publish","type":"post","link":"https:\/\/www.ambienteyenergia.gob.ec\/ambiente\/mae-participo-en-foro-nacional-de-la-revolucion-del-mar-organizado-por-el-sector-pesquero-artesanal-de-el-oro-y-fenacopec\/","title":{"rendered":"MAE particip\u00f3 en Foro Nacional de la Revoluci\u00f3n del Mar organizado por el Sector Pesquero Artesanal de El Oro y FENACOPEC"},"content":{"rendered":"<p style=\"text-align: justify;\">El Ministerio del Ambiente (MAE), particip\u00f3 el pasado 18 de octubre, en el Foro Nacional de la Revoluci\u00f3n del Mar, organizado por el Sector Pesquero Artesanal de El Oro y FENACOPEC, el cual fue realizado en el sal\u00f3n de la prefectura de la provincia del El Oro.<\/p>\n<p style=\"text-align: justify;\">En el acto participaron representantes de la Red de Asociaciones de Pescadores Artesanales del Golfo de Guayaquil, del Ministerio Coordinador de la Pol\u00edtica, de la Gobernaci\u00f3n de El Oro, del Ministerio de Justicia, el teniente Pol\u00edtico de Machala, T\u00e9cnicos del Instituto Nacional de Pesca y delegados del Viceministerio de Pesca.<\/p>\n<p style=\"text-align: justify;\">El MAE realiz\u00f3 la presentaci\u00f3n de lo actuado hasta la fecha en el proceso de regularizaci\u00f3n ambiental y seguimiento ambiental del proyecto de exploraci\u00f3n s\u00edsmica que se ejecuta en el Golfo de Guayaquil. Asimismo, indic\u00f3 que se est\u00e1n cumpliendo con los compromisos asumidos entre el MAE y el Sector Pesquero Artesanal en cuanto a los procesos de socializaci\u00f3n ampliatorios del Estudio de Impacto Ambiental realizados a la comunidad ubicada dentro del \u00e1rea de influencia del proyecto, y los resultados preliminares del estudio complementario del recurso pesquero de la zona donde realiza la S\u00edsmica ENAP SIPEC, como operadora del Bloque 3 Jambel\u00ed, y que cuyo Estudio actualmente se encuentra en an\u00e1lisis y revisi\u00f3n t\u00e9cnica tanto del MAE como del Instituto Nacional de Pesca-INP, para luego socializar con el sector pesquero.<\/p>\n<p style=\"text-align: justify;\">Adem\u00e1s, se expuso lo m\u00e1s relevante de la informaci\u00f3n complementaria en la parte bi\u00f3tica y recurso pesquero, recalcando que se desarroll\u00f3 un estudio de monitoreo durante la primera fase de s\u00edsmica, cumpliendo as\u00ed, el protocolo de investigaci\u00f3n solicitado \u201cantes, durante y despu\u00e9s de la actividad s\u00edsmica\u201d, en su primera fase.<\/p>\n<p style=\"text-align: justify;\">Representantes de esta Cartera de Estado explicaron sobre el seguimiento a la afectaci\u00f3n de todos los organismos marinos tales como ballenas, tortugas marinas, peces cartilaginosos y \u00f3seos (recurso pesquero). Y se enfatizo que durante la realizaci\u00f3n s\u00edsmica no se evidenci\u00f3 la presencia de ballenas en las proximidades; y que para identificar a reptiles marinos se realiz\u00f3 avistamientos previos que concluyeron en el alejamiento de estos organismos.<\/p>\n<p style=\"text-align: justify;\">La principal preocupaci\u00f3n que identificaron los pescadores es el alejamiento de los peces por las actividades de s\u00edsmica, para lo se est\u00e1 efectuando el estudio complementario para conocer t\u00e9cnicamente las causas de dicho alejamiento y conocer las rutas de la posible \u201cevacuaci\u00f3n de los peces\u201d; as\u00ed como fortalecer medidas de prevenci\u00f3n y mitigaci\u00f3n de los posibles impactos que puedan generarse.<\/p>\n<p style=\"text-align: justify;\">El MAE, como principal Autoridad Ambiental, velar\u00e1 por el adecuado proceso de exploraci\u00f3n s\u00edsmica y porque las especies involucradas en este proceso no se vean afectadas, y por ende el sector pesquero artesanal.<\/p>\n","protected":false},"excerpt":{"rendered":"<p class=\"excerpt\">El Ministerio del Ambiente (MAE), particip\u00f3 el pasado 18 de octubre, en el Foro Nacional de la Revoluci\u00f3n del Mar, organizado por el Sector Pesquero Artesanal de El Oro y FENACOPEC, el cual fue realizado en el sal\u00f3n de la prefectura de la provincia del El Oro. En el acto participaron representantes de la Red de Asociaciones de Pescadores Artesanales&hellip; <a href=\"https:\/\/www.ambienteyenergia.gob.ec\/ambiente\/mae-participo-en-foro-nacional-de-la-revolucion-del-mar-organizado-por-el-sector-pesquero-artesanal-de-el-oro-y-fenacopec\/\">Read more &rarr;<\/a><\/p>\n","protected":false},"author":13,"featured_media":16169,"comment_status":"open","ping_status":"open","sticky":false,"template":"","format":"standard","meta":{"footnotes":""},"categories":[16,4],"tags":[],"class_list":["post-16168","post","type-post","status-publish","format-standard","has-post-thumbnail","hentry","category-comunicamos","category-noticias","xfolkentry"],"_links":{"self":[{"href":"https:\/\/www.ambienteyenergia.gob.ec\/ambiente\/wp-json\/wp\/v2\/posts\/16168","targetHints":{"allow":["GET"]}}],"collection":[{"href":"https:\/\/www.ambienteyenergia.gob.ec\/ambiente\/wp-json\/wp\/v2\/posts"}],"about":[{"href":"https:\/\/www.ambienteyenergia.gob.ec\/ambiente\/wp-json\/wp\/v2\/types\/post"}],"author":[{"embeddable":true,"href":"https:\/\/www.ambienteyenergia.gob.ec\/ambiente\/wp-json\/wp\/v2\/users\/13"}],"replies":[{"embeddable":true,"href":"https:\/\/www.ambienteyenergia.gob.ec\/ambiente\/wp-json\/wp\/v2\/comments?post=16168"}],"version-history":[{"count":0,"href":"https:\/\/www.ambienteyenergia.gob.ec\/ambiente\/wp-json\/wp\/v2\/posts\/16168\/revisions"}],"wp:featuredmedia":[{"embeddable":true,"href":"https:\/\/www.ambienteyenergia.gob.ec\/ambiente\/wp-json\/wp\/v2\/media\/16169"}],"wp:attachment":[{"href":"https:\/\/www.ambienteyenergia.gob.ec\/ambiente\/wp-json\/wp\/v2\/media?parent=16168"}],"wp:term":[{"taxonomy":"category","embeddable":true,"href":"https:\/\/www.ambienteyenergia.gob.ec\/ambiente\/wp-json\/wp\/v2\/categories?post=16168"},{"taxonomy":"post_tag","embeddable":true,"href":"https:\/\/www.ambienteyenergia.gob.ec\/ambiente\/wp-json\/wp\/v2\/tags?post=16168"}],"curies":[{"name":"wp","href":"https:\/\/api.w.org\/{rel}","templated":true}]}}