{"id":16153,"date":"2013-10-22T21:02:07","date_gmt":"2013-10-23T02:02:07","guid":{"rendered":"http:\/\/www.ambiente.gob.ec\/?p=16153"},"modified":"2013-10-23T08:06:42","modified_gmt":"2013-10-23T13:06:42","slug":"ministra-de-medio-ambiente-de-chile-conocio-sobre-manejo-y-gestion-de-areas-protegidas-en-cotacachi-cayapas-imbabura","status":"publish","type":"post","link":"https:\/\/www.ambienteyenergia.gob.ec\/ambiente\/ministra-de-medio-ambiente-de-chile-conocio-sobre-manejo-y-gestion-de-areas-protegidas-en-cotacachi-cayapas-imbabura\/","title":{"rendered":"Ministra de Medio Ambiente de Chile conoci\u00f3 sobre manejo y gesti\u00f3n de \u00c1reas Protegidas, en Cotacachi- Cayapas (Imbabura)"},"content":{"rendered":"<p style=\"text-align: justify;\">Con una visita a la zona alta de la Resera Ecol\u00f3gica Cotacachi- Cayapas (RECC), hoy, la Ministra de Medio Ambiente de Chile, Ignacia Ben\u00edtez, evidenci\u00f3 el manejo y gesti\u00f3n de \u00c1reas Protegidas (AP), en el marco de la visita oficial que realiza la delegaci\u00f3n chilena al Ecuador.<\/p>\n<p style=\"text-align: justify;\">El recorrido inici\u00f3 en el Centro de Interpretaci\u00f3n de la Reserva. Segundo Fuentes, coordinador de la Zona 1 de administraci\u00f3n del MAE, dio la bienvenida y explic\u00f3 la gesti\u00f3n que se realiza en esta AP, que conjuga factores biol\u00f3gicos, tur\u00edsticos y culturales.<\/p>\n<p style=\"text-align: justify;\">Luego de ello, Ver\u00f3nica Pozo, administradora de la Reserva, indic\u00f3 que las \u00e1reas de gesti\u00f3n se dividen en Administraci\u00f3n, control y vigilancia, Sostenibilidad financiera, Planificaci\u00f3n y participaci\u00f3n, Turismo y recreaci\u00f3n, Investigaci\u00f3n y manejo de recursos, Educaci\u00f3n ambiental y Desarrollo comunitario.<\/p>\n<p style=\"text-align: justify;\">Sobre este \u00faltimo punto, la funcionaria inform\u00f3 que se han realizado varios proyectos con el apoyo e involucramiento activo de las comunidades de la zona. Uno de los ejemplos, es la construcci\u00f3n de la \u00abRuta Sagrada\u00bb. Esta obra de 330 metros de longitud, relaciona aspectos como la adecuaci\u00f3n de la infraestructura construida de acuerdo con las caracter\u00edsticas ambientales del sitio y el rescate de los saberes y tradiciones de los pueblos ancestrales.<\/p>\n<p style=\"text-align: justify;\">En ese sentido, Ben\u00edtez manifest\u00f3 que una de las cosas innovadoras y fundamentales que encuentra en Ecuador, es la participaci\u00f3n de los habitantes del sector en el desarrollo y aprovechamiento sostenible de las AP. \u00abDentro de la gesti\u00f3n en administraci\u00f3n lo m\u00e1s importante es el trabajo con las gente de las comunidades. Eso no hay en Chile\u00bb.<\/p>\n<p style=\"text-align: justify;\">La Ministra Ben\u00edtez y las comitivas de ambos pa\u00edses conocieron las cuatro estaciones que se encuentran en el primer tramo del recorrido, que en total se realiza en 45 minutos. La importancia y funci\u00f3n del Calendario Solar, Inti Taita Rikuna; Calendario Lunar, Killa Mamata Rikuna; Sitio de Ofrendas, Waccha Karana; y Ba\u00f1o Ritual, Armana Uku, fueron explicadas por un gu\u00eda naturalista y representante de comunitario.<\/p>\n<p style=\"text-align: justify;\">Tras esta actividad, recorrieron la laguna \u00abCuicocha\u00bb, formada en el cr\u00e1ter de un volc\u00e1n activo. \u00abLa infraestructura es de primer orden\u00bb, dijo la Subsecretaria chilena.<\/p>\n<p style=\"text-align: justify;\">Con esta actividad, esta Cartera de Estado dio a conocer las acciones de protecci\u00f3n y conservaci\u00f3n que ejecuta en sus 49 AP, a trav\u00e9s del Sistema Nacional de \u00c1reas Protegidas, mismo que, en su aspecto te\u00f3rico, fue expuesto ayer por la M\u00e1xima Autoridad Ambiental del pa\u00eds, Lorena Tapia, y otras autoridades de este Ministerio.<\/p>\n<p style=\"text-align: justify;\">Para la Titular de la Cartera de Ambiente de Chile, la pol\u00edtica de gratuidad en la \u00c1reas Protegidas, es una pol\u00edtica razonable, que en su pa\u00eds tendr\u00eda que ser evaluada debido a la obtenci\u00f3n de recursos. Adem\u00e1s, indic\u00f3 que la visita fue vital para conocer de primera mano c\u00f3mo se manejan las \u00e1reas, c\u00f3mo se invierten los recursos, la cantidad de personas que est\u00e1n involucradas, as\u00ed como para evidenciar la importancia del apoyo del Gobierno.<\/p>\n<div id='gallery-1' class='gallery galleryid-16153 gallery-columns-4 gallery-size-thumbnail'><dl class='gallery-item'>\n\t\t\t<dt class='gallery-icon landscape'>\n\t\t\t\t<a href='https:\/\/www.ambienteyenergia.gob.ec\/ambiente\/ministra-de-medio-ambiente-de-chile-conocio-sobre-manejo-y-gestion-de-areas-protegidas-en-cotacachi-cayapas-imbabura\/ministra-del-ambiente-de-chile-ignacia-benitez\/'><img loading=\"lazy\" decoding=\"async\" width=\"150\" height=\"150\" src=\"https:\/\/www.ambienteyenergia.gob.ec\/ambiente\/wp-content\/uploads\/sites\/2\/2013\/10\/Ministra-del-Ambiente-de-Chile-Ignacia-Ben\u00edtez-150x150.jpg\" class=\"attachment-thumbnail size-thumbnail\" alt=\"\" \/><\/a>\n\t\t\t<\/dt><\/dl><dl class='gallery-item'>\n\t\t\t<dt class='gallery-icon landscape'>\n\t\t\t\t<a href='https:\/\/www.ambienteyenergia.gob.ec\/ambiente\/ministra-de-medio-ambiente-de-chile-conocio-sobre-manejo-y-gestion-de-areas-protegidas-en-cotacachi-cayapas-imbabura\/dsc_0166\/'><img loading=\"lazy\" decoding=\"async\" width=\"150\" height=\"150\" src=\"https:\/\/www.ambienteyenergia.gob.ec\/ambiente\/wp-content\/uploads\/sites\/2\/2013\/10\/DSC_0166-150x150.jpg\" class=\"attachment-thumbnail size-thumbnail\" alt=\"\" \/><\/a>\n\t\t\t<\/dt><\/dl><dl class='gallery-item'>\n\t\t\t<dt class='gallery-icon landscape'>\n\t\t\t\t<a href='https:\/\/www.ambienteyenergia.gob.ec\/ambiente\/ministra-de-medio-ambiente-de-chile-conocio-sobre-manejo-y-gestion-de-areas-protegidas-en-cotacachi-cayapas-imbabura\/dsc_0294\/'><img loading=\"lazy\" decoding=\"async\" width=\"150\" height=\"150\" src=\"https:\/\/www.ambienteyenergia.gob.ec\/ambiente\/wp-content\/uploads\/sites\/2\/2013\/10\/DSC_0294-150x150.jpg\" class=\"attachment-thumbnail size-thumbnail\" alt=\"\" \/><\/a>\n\t\t\t<\/dt><\/dl>\n\t\t\t<br style='clear: both' \/>\n\t\t<\/div>\n\n","protected":false},"excerpt":{"rendered":"<p class=\"excerpt\">Con una visita a la zona alta de la Resera Ecol\u00f3gica Cotacachi- Cayapas (RECC), hoy, la Ministra de Medio Ambiente de Chile, Ignacia Ben\u00edtez, evidenci\u00f3 el manejo y gesti\u00f3n de \u00c1reas Protegidas (AP), en el marco de la visita oficial que realiza la delegaci\u00f3n chilena al Ecuador. El recorrido inici\u00f3 en el Centro de Interpretaci\u00f3n de la Reserva. Segundo Fuentes,&hellip; <a href=\"https:\/\/www.ambienteyenergia.gob.ec\/ambiente\/ministra-de-medio-ambiente-de-chile-conocio-sobre-manejo-y-gestion-de-areas-protegidas-en-cotacachi-cayapas-imbabura\/\">Read more &rarr;<\/a><\/p>\n","protected":false},"author":13,"featured_media":16154,"comment_status":"open","ping_status":"open","sticky":false,"template":"","format":"standard","meta":{"footnotes":""},"categories":[16,4],"tags":[147,343,342,53,54,341,344],"class_list":["post-16153","post","type-post","status-publish","format-standard","has-post-thumbnail","hentry","category-comunicamos","category-noticias","tag-areas-protegidas-2","tag-cotacachi-cayapas","tag-ignacia-benitez","tag-mae","tag-ministerio-del-ambiente","tag-ministra-del-ambiente-de-chile","tag-reserva","xfolkentry"],"_links":{"self":[{"href":"https:\/\/www.ambienteyenergia.gob.ec\/ambiente\/wp-json\/wp\/v2\/posts\/16153","targetHints":{"allow":["GET"]}}],"collection":[{"href":"https:\/\/www.ambienteyenergia.gob.ec\/ambiente\/wp-json\/wp\/v2\/posts"}],"about":[{"href":"https:\/\/www.ambienteyenergia.gob.ec\/ambiente\/wp-json\/wp\/v2\/types\/post"}],"author":[{"embeddable":true,"href":"https:\/\/www.ambienteyenergia.gob.ec\/ambiente\/wp-json\/wp\/v2\/users\/13"}],"replies":[{"embeddable":true,"href":"https:\/\/www.ambienteyenergia.gob.ec\/ambiente\/wp-json\/wp\/v2\/comments?post=16153"}],"version-history":[{"count":0,"href":"https:\/\/www.ambienteyenergia.gob.ec\/ambiente\/wp-json\/wp\/v2\/posts\/16153\/revisions"}],"wp:featuredmedia":[{"embeddable":true,"href":"https:\/\/www.ambienteyenergia.gob.ec\/ambiente\/wp-json\/wp\/v2\/media\/16154"}],"wp:attachment":[{"href":"https:\/\/www.ambienteyenergia.gob.ec\/ambiente\/wp-json\/wp\/v2\/media?parent=16153"}],"wp:term":[{"taxonomy":"category","embeddable":true,"href":"https:\/\/www.ambienteyenergia.gob.ec\/ambiente\/wp-json\/wp\/v2\/categories?post=16153"},{"taxonomy":"post_tag","embeddable":true,"href":"https:\/\/www.ambienteyenergia.gob.ec\/ambiente\/wp-json\/wp\/v2\/tags?post=16153"}],"curies":[{"name":"wp","href":"https:\/\/api.w.org\/{rel}","templated":true}]}}