{"id":16147,"date":"2013-10-22T18:00:26","date_gmt":"2013-10-22T23:00:26","guid":{"rendered":"http:\/\/www.ambiente.gob.ec\/?p=16147"},"modified":"2013-10-23T08:01:24","modified_gmt":"2013-10-23T13:01:24","slug":"mae-realiza-sobrevuelo-en-zona-de-afectacion-por-la-deforestacion-en-esmeraldas","status":"publish","type":"post","link":"https:\/\/www.ambienteyenergia.gob.ec\/ambiente\/mae-realiza-sobrevuelo-en-zona-de-afectacion-por-la-deforestacion-en-esmeraldas\/","title":{"rendered":"MAE realiza sobrevuelo en zona de afectaci\u00f3n por la deforestaci\u00f3n en Esmeraldas"},"content":{"rendered":"<p style=\"text-align: justify;\">Hoy, el Ministerio del Ambiente en conjunto con el Comando de Operaciones Norte de la Marina (Coopno) organiz\u00f3 una visita por tierra y aire en la provincia de Esmeraldas, para constatar la situaci\u00f3n actual en el primer mes del Estado de Excepci\u00f3n declarado el pasado 23 de septiembre mediante acuerdo presidencial n\u00famero 116.<\/p>\n<p style=\"text-align: justify;\">El recorrido inici\u00f3 en el patio los Laureles donde se pudo evidenciar la madera decomisada en el primer mes de Estado de Excepci\u00f3n. En ese sentido, Narcisa C\u00e1rdenas, Directora Provincial del Ambiente de Esmeraldas, inform\u00f3 a los medios de comunicaci\u00f3n que esa madera es frut\u00f3 del trabajo conjunto con las instituciones involucradas y en donde se alberga m\u00e1s de 600 m3 de producto decomisado, que se ha movilizado sin los permisos respectivos otorgados por el MAE.<\/p>\n<p style=\"text-align: justify;\">Luego, la jornada avanzo hasta el punto fijo San Mateo, en el que se constat\u00f3 el trabajo de control y revisi\u00f3n a las unidades m\u00f3viles con el fin de demostrar la labor que realiza el personal del MAE, con las FFAA y la Polic\u00eda Nacional en los puntos de control. Desde este punto se movilizaron hasta el aeropuerto Gnral. Rivadeneira-Tachina para iniciar con el sobrevuelo por los cantones San Lorenzo y Eloy Alfaro, constatando la actividad forestal.<\/p>\n<p style=\"text-align: justify;\">Finalmente, se realiz\u00f3 una rueda de prensa con Narcisa Cardenas, Directora Provincial de Ambiente, el Capit\u00e1n de Nav\u00edo de Estado Mayor Conjunto y Comandante del Grupo Operacional 1.4 de Esmeraldas, Erick de Vacas Tr\u00e1vez, y el Coronel de la Subzona de Esmeraldad de la Polic\u00eda Nacional, \u00d3scar L\u00f3pez; quienes dieron a conocer los alcances de los controles en la provincia.<\/p>\n<p style=\"text-align: justify;\">C\u00e1rdenas afirm\u00f3 que hasta el momento se han detenido 20 veh\u00edculos que transportaban aproximadamente 1 100 m3 de producto forestal, los cuales fueron retenidos en los diferentes puntos de control ubicados en San Mateo, Las Golondrinas, Alto Tambo, Muisne y La Marujita.<\/p>\n<p style=\"text-align: justify;\">El Comandante Erick de Vacas recalc\u00f3 que colaboran con m\u00e1s de 1 000 efectivos que est\u00e1n distribuidos en los puntos de control asignados. Asimismo el Coronel L\u00f3pez inform\u00f3 que la Polic\u00eda Nacional aporta con 150 hombres que trabajan las 24 horas en los sitios de control.<\/p>\n<p style=\"text-align: justify;\">Con esta actividad el MAE quiere demostrar el trabajo que se realiza a diario en la provincia de Esmeraldas con el prop\u00f3sito de velar por la conservaci\u00f3n de los recursos naturales.<\/p>\n<div id='gallery-1' class='gallery galleryid-16147 gallery-columns-4 gallery-size-thumbnail'><dl class='gallery-item'>\n\t\t\t<dt class='gallery-icon landscape'>\n\t\t\t\t<a href='https:\/\/www.ambienteyenergia.gob.ec\/ambiente\/mae-realiza-sobrevuelo-en-zona-de-afectacion-por-la-deforestacion-en-esmeraldas\/1-64\/'><img loading=\"lazy\" decoding=\"async\" width=\"150\" height=\"150\" src=\"https:\/\/www.ambienteyenergia.gob.ec\/ambiente\/wp-content\/uploads\/sites\/2\/2013\/10\/15-150x150.jpg\" class=\"attachment-thumbnail size-thumbnail\" alt=\"\" \/><\/a>\n\t\t\t<\/dt><\/dl><dl class='gallery-item'>\n\t\t\t<dt class='gallery-icon landscape'>\n\t\t\t\t<a href='https:\/\/www.ambienteyenergia.gob.ec\/ambiente\/mae-realiza-sobrevuelo-en-zona-de-afectacion-por-la-deforestacion-en-esmeraldas\/3-35\/'><img loading=\"lazy\" decoding=\"async\" width=\"150\" height=\"150\" src=\"https:\/\/www.ambienteyenergia.gob.ec\/ambiente\/wp-content\/uploads\/sites\/2\/2013\/10\/32-150x150.jpg\" class=\"attachment-thumbnail size-thumbnail\" alt=\"\" \/><\/a>\n\t\t\t<\/dt><\/dl><dl class='gallery-item'>\n\t\t\t<dt class='gallery-icon landscape'>\n\t\t\t\t<a href='https:\/\/www.ambienteyenergia.gob.ec\/ambiente\/mae-realiza-sobrevuelo-en-zona-de-afectacion-por-la-deforestacion-en-esmeraldas\/4-27\/'><img loading=\"lazy\" decoding=\"async\" width=\"150\" height=\"150\" src=\"https:\/\/www.ambienteyenergia.gob.ec\/ambiente\/wp-content\/uploads\/sites\/2\/2013\/10\/41-150x150.jpg\" class=\"attachment-thumbnail size-thumbnail\" alt=\"\" \/><\/a>\n\t\t\t<\/dt><\/dl><dl class='gallery-item'>\n\t\t\t<dt class='gallery-icon landscape'>\n\t\t\t\t<a href='https:\/\/www.ambienteyenergia.gob.ec\/ambiente\/mae-realiza-sobrevuelo-en-zona-de-afectacion-por-la-deforestacion-en-esmeraldas\/5-22\/'><img loading=\"lazy\" decoding=\"async\" width=\"150\" height=\"150\" src=\"https:\/\/www.ambienteyenergia.gob.ec\/ambiente\/wp-content\/uploads\/sites\/2\/2013\/10\/51-150x150.jpg\" class=\"attachment-thumbnail size-thumbnail\" alt=\"\" \/><\/a>\n\t\t\t<\/dt><\/dl><br style=\"clear: both\" \/><dl class='gallery-item'>\n\t\t\t<dt class='gallery-icon landscape'>\n\t\t\t\t<a href='https:\/\/www.ambienteyenergia.gob.ec\/ambiente\/mae-realiza-sobrevuelo-en-zona-de-afectacion-por-la-deforestacion-en-esmeraldas\/sobrevuelo-esmeraldas\/'><img loading=\"lazy\" decoding=\"async\" width=\"150\" height=\"150\" src=\"https:\/\/www.ambienteyenergia.gob.ec\/ambiente\/wp-content\/uploads\/sites\/2\/2013\/10\/Sobrevuelo-Esmeraldas-150x150.jpg\" class=\"attachment-thumbnail size-thumbnail\" alt=\"\" \/><\/a>\n\t\t\t<\/dt><\/dl>\n\t\t\t<br style='clear: both' \/>\n\t\t<\/div>\n\n","protected":false},"excerpt":{"rendered":"<p class=\"excerpt\">Hoy, el Ministerio del Ambiente en conjunto con el Comando de Operaciones Norte de la Marina (Coopno) organiz\u00f3 una visita por tierra y aire en la provincia de Esmeraldas, para constatar la situaci\u00f3n actual en el primer mes del Estado de Excepci\u00f3n declarado el pasado 23 de septiembre mediante acuerdo presidencial n\u00famero 116. El recorrido inici\u00f3 en el patio los&hellip; <a href=\"https:\/\/www.ambienteyenergia.gob.ec\/ambiente\/mae-realiza-sobrevuelo-en-zona-de-afectacion-por-la-deforestacion-en-esmeraldas\/\">Read more &rarr;<\/a><\/p>\n","protected":false},"author":13,"featured_media":16148,"comment_status":"open","ping_status":"open","sticky":false,"template":"","format":"standard","meta":{"footnotes":""},"categories":[16,4],"tags":[55,333,53,339,340],"class_list":["post-16147","post","type-post","status-publish","format-standard","has-post-thumbnail","hentry","category-comunicamos","category-noticias","tag-esmeraldas","tag-estado-de-excepcion","tag-mae","tag-ministerio-del-ambiete","tag-sobrevuelo","xfolkentry"],"_links":{"self":[{"href":"https:\/\/www.ambienteyenergia.gob.ec\/ambiente\/wp-json\/wp\/v2\/posts\/16147","targetHints":{"allow":["GET"]}}],"collection":[{"href":"https:\/\/www.ambienteyenergia.gob.ec\/ambiente\/wp-json\/wp\/v2\/posts"}],"about":[{"href":"https:\/\/www.ambienteyenergia.gob.ec\/ambiente\/wp-json\/wp\/v2\/types\/post"}],"author":[{"embeddable":true,"href":"https:\/\/www.ambienteyenergia.gob.ec\/ambiente\/wp-json\/wp\/v2\/users\/13"}],"replies":[{"embeddable":true,"href":"https:\/\/www.ambienteyenergia.gob.ec\/ambiente\/wp-json\/wp\/v2\/comments?post=16147"}],"version-history":[{"count":0,"href":"https:\/\/www.ambienteyenergia.gob.ec\/ambiente\/wp-json\/wp\/v2\/posts\/16147\/revisions"}],"wp:featuredmedia":[{"embeddable":true,"href":"https:\/\/www.ambienteyenergia.gob.ec\/ambiente\/wp-json\/wp\/v2\/media\/16148"}],"wp:attachment":[{"href":"https:\/\/www.ambienteyenergia.gob.ec\/ambiente\/wp-json\/wp\/v2\/media?parent=16147"}],"wp:term":[{"taxonomy":"category","embeddable":true,"href":"https:\/\/www.ambienteyenergia.gob.ec\/ambiente\/wp-json\/wp\/v2\/categories?post=16147"},{"taxonomy":"post_tag","embeddable":true,"href":"https:\/\/www.ambienteyenergia.gob.ec\/ambiente\/wp-json\/wp\/v2\/tags?post=16147"}],"curies":[{"name":"wp","href":"https:\/\/api.w.org\/{rel}","templated":true}]}}