{"id":16141,"date":"2013-10-22T17:14:24","date_gmt":"2013-10-22T22:14:24","guid":{"rendered":"http:\/\/www.ambiente.gob.ec\/?p=16141"},"modified":"2013-10-22T17:16:45","modified_gmt":"2013-10-22T22:16:45","slug":"ii-campana-de-limpieza-de-manglar-se-realizo-en-20-comunidades-de-la-provincia-de-el-oro","status":"publish","type":"post","link":"https:\/\/www.ambienteyenergia.gob.ec\/ambiente\/ii-campana-de-limpieza-de-manglar-se-realizo-en-20-comunidades-de-la-provincia-de-el-oro\/","title":{"rendered":"II Campa\u00f1a de Limpieza de Manglar se realiz\u00f3 en 20 comunidades de la provincia de El Oro"},"content":{"rendered":"<p style=\"text-align: justify;\">Hoy, t\u00e9cnicos de la Subsecretar\u00eda de Gesti\u00f3n Marina y Costera (SGMC) del Ministerio del Ambiente (MAE) realizaron la II Campa\u00f1a de Limpieza de Manglar en 20 comunidades de la Provincia de El Oro, para retirar la basura que contamina este ecosistema.<\/p>\n<p style=\"text-align: justify;\">El objetivo de esta actividad es concienciar a las poblaciones asentadas en los alrededores del manglar, sobre la necesidad de realizar una buena disposici\u00f3n final de los desechos s\u00f3lidos. Estos no deben ser lanzados al agua o quemados, sino trasladados hasta las ciudades m\u00e1s cercanas para que reciban un adecuado proceso en los rellenos sanitarios.<\/p>\n<p style=\"text-align: justify;\">Adem\u00e1s, esta iniciativa busca que la ciudadan\u00eda conozca el aporte del manglar al ecosistema y sus m\u00faltiples beneficios como la extracci\u00f3n de productos (concha y el cangrejo). Al dejar a estos sistemas biodiversos libres de contaminantes ofrecer\u00e1n a todos un ambiente m\u00e1s sano.<\/p>\n<p style=\"text-align: justify;\">Esta II campa\u00f1a cuenta con el apoyo de la Direcci\u00f3n Provincial del Ambiente de El Oro y del Programa Nacional de Desechos S\u00f3lidos del MAE, permitiendo realizar un trabajo simult\u00e1neo en todas las comunidades cercanas al manglar con la ayuda de pescadores, concheros y cangrejeros que conforman 18 agrupaciones beneficiadas con los Acuerdos de Uso Sustentable y Custodia del Manglar, sus familias, j\u00f3venes del Servicio Civil Ciudadano y dem\u00e1s voluntarios.<\/p>\n<p style=\"text-align: justify;\">C\u00e9sar Tejada, presidente de la Comunidad Isla Las Huacas, destac\u00f3 esta actividad de limpieza que impulsa la SGMC, porque los beneficia al tener un entorno limpio, pues esta zona carece del servicio de recolecci\u00f3n de basura.<\/p>\n<p style=\"text-align: justify;\">Asimismo, destac\u00f3 el inter\u00e9s de participar de los comuneros, quienes dejaron de trabajar para sumarse a la limpieza, siendo conscientes de que acciones como esta contribuye a su calidad de vida y a su econom\u00eda, porque obtendr\u00e1n conchas libres de contaminaci\u00f3n.<\/p>\n<p style=\"text-align: justify;\">Entre los sectores beneficiados con la limpieza de manglar constan Bajo Alto, Juncal, Las Huacas, Casitas, Pongalillo, Jambel\u00ed, entre otras, hasta donde lleg\u00f3 el personal del MAE en embarcaciones que partieron desde los muelles Hualtaco, Puerto Bol\u00edvar, Bajo Alto, Puerto Jel\u00ed y Santa Rosa.<\/p>\n<p style=\"text-align: justify;\">A todos los participantes se entreg\u00f3 camisetas, guantes y sacos, para cumplir con la recolecci\u00f3n de la basura, la misma que fue clasificada por mujeres gestoras que promueven el reciclaje dentro de las comunidades.<\/p>\n<p style=\"text-align: justify;\">Para finalizar la tarea, se procedi\u00f3 al pesaje de los desechos recolectados, los que fueron llevados en las embarcaciones de los pescadores hasta Puerto Bol\u00edvar y Hualtaco, para su disposici\u00f3n final.<\/p>\n<p style=\"text-align: justify;\"><strong>El Dato<\/strong><\/p>\n<p style=\"text-align: justify;\">En la I Campa\u00f1a de Limpieza de Manglar efectuada el a\u00f1o pasado en la Provincia de El Oro, se recogi\u00f3 10 toneladas de desechos s\u00f3lidos. En esta segunda etapa todav\u00eda no se tiene datos finales de recolecci\u00f3n, pero se espera superar cifra de la I campa\u00f1a.<\/p>\n<p style=\"text-align: justify;\">\n","protected":false},"excerpt":{"rendered":"<p class=\"excerpt\">Hoy, t\u00e9cnicos de la Subsecretar\u00eda de Gesti\u00f3n Marina y Costera (SGMC) del Ministerio del Ambiente (MAE) realizaron la II Campa\u00f1a de Limpieza de Manglar en 20 comunidades de la Provincia de El Oro, para retirar la basura que contamina este ecosistema. El objetivo de esta actividad es concienciar a las poblaciones asentadas en los alrededores del manglar, sobre la necesidad&hellip; <a href=\"https:\/\/www.ambienteyenergia.gob.ec\/ambiente\/ii-campana-de-limpieza-de-manglar-se-realizo-en-20-comunidades-de-la-provincia-de-el-oro\/\">Read more &rarr;<\/a><\/p>\n","protected":false},"author":13,"featured_media":16142,"comment_status":"open","ping_status":"open","sticky":false,"template":"","format":"standard","meta":{"footnotes":""},"categories":[16,4],"tags":[],"class_list":["post-16141","post","type-post","status-publish","format-standard","has-post-thumbnail","hentry","category-comunicamos","category-noticias","xfolkentry"],"_links":{"self":[{"href":"https:\/\/www.ambienteyenergia.gob.ec\/ambiente\/wp-json\/wp\/v2\/posts\/16141","targetHints":{"allow":["GET"]}}],"collection":[{"href":"https:\/\/www.ambienteyenergia.gob.ec\/ambiente\/wp-json\/wp\/v2\/posts"}],"about":[{"href":"https:\/\/www.ambienteyenergia.gob.ec\/ambiente\/wp-json\/wp\/v2\/types\/post"}],"author":[{"embeddable":true,"href":"https:\/\/www.ambienteyenergia.gob.ec\/ambiente\/wp-json\/wp\/v2\/users\/13"}],"replies":[{"embeddable":true,"href":"https:\/\/www.ambienteyenergia.gob.ec\/ambiente\/wp-json\/wp\/v2\/comments?post=16141"}],"version-history":[{"count":0,"href":"https:\/\/www.ambienteyenergia.gob.ec\/ambiente\/wp-json\/wp\/v2\/posts\/16141\/revisions"}],"wp:featuredmedia":[{"embeddable":true,"href":"https:\/\/www.ambienteyenergia.gob.ec\/ambiente\/wp-json\/wp\/v2\/media\/16142"}],"wp:attachment":[{"href":"https:\/\/www.ambienteyenergia.gob.ec\/ambiente\/wp-json\/wp\/v2\/media?parent=16141"}],"wp:term":[{"taxonomy":"category","embeddable":true,"href":"https:\/\/www.ambienteyenergia.gob.ec\/ambiente\/wp-json\/wp\/v2\/categories?post=16141"},{"taxonomy":"post_tag","embeddable":true,"href":"https:\/\/www.ambienteyenergia.gob.ec\/ambiente\/wp-json\/wp\/v2\/tags?post=16141"}],"curies":[{"name":"wp","href":"https:\/\/api.w.org\/{rel}","templated":true}]}}