{"id":16138,"date":"2013-10-22T16:42:04","date_gmt":"2013-10-22T21:42:04","guid":{"rendered":"http:\/\/www.ambiente.gob.ec\/?p=16138"},"modified":"2013-10-22T16:42:04","modified_gmt":"2013-10-22T21:42:04","slug":"ministerio-del-ambiente-intensifica-operativos-de-control-forestal-en-la-amazonia","status":"publish","type":"post","link":"https:\/\/www.ambienteyenergia.gob.ec\/ambiente\/ministerio-del-ambiente-intensifica-operativos-de-control-forestal-en-la-amazonia\/","title":{"rendered":"Ministerio del Ambiente intensifica operativos de control forestal en la Amazon\u00eda"},"content":{"rendered":"<p style=\"text-align: justify;\">El Ministerio del Ambiente (MAE), en respuesta al Estado de Excepci\u00f3n Forestal decretado en Esmeraldas, ejecuta varias medidas de control a nivel nacional, con mayor \u00e9nfasis en la Amazon\u00eda ecuatoriana, con el fin de evitar que la tala ilegal se desplace a este sector vulnerable. Como parte de esta medida preventiva, se intensifican los controles tanto fijos como m\u00f3viles, atenci\u00f3n a denuncias, inspecciones preliminares a programas de aprovechamiento forestal y capacitaciones destinadas a los sectores madereros y ciudadan\u00eda en general, entre otras.<\/p>\n<p style=\"text-align: justify;\">La estrategia de los operativos es fortalecer el control y vigilancia en los ramales de las v\u00edas principales, de esa manera, se logra impedir que el producto forestal ilegal se transporte sin presentar la documentaci\u00f3n respectiva como las gu\u00edas de movilizaci\u00f3n. Estas acciones se realizan con el apoyo de la Polic\u00eda Nacional y las Fuerzas Armadas.<\/p>\n<p style=\"text-align: justify;\">Asimismo, personal del MAE ejecuta jornadas de capacitaci\u00f3n en las comunidades cercanas a espacios de forestaci\u00f3n, en las que se imparte conocimientos sobre la Normativa Ambiental vigente y el aprovechamiento forestal sostenible. De igual manera, se realiza talleres de concienciaci\u00f3n sobre el adecuado manejo de los recursos naturales.<\/p>\n<p style=\"text-align: justify;\">Otro de los m\u00e9todos que se busca fortalecer es el Programa Socio Bosque, iniciativa que tiene como finalidad proteger los bosques nativos a trav\u00e9s de incentivos econ\u00f3micos que promuevan la conservaci\u00f3n. Se est\u00e1 incorporando a nuevos socios y se hacer un seguimiento de los ciudadanos interesados en suscribirse a este convenio.<\/p>\n<p style=\"text-align: justify;\">Si bien, el objetivo fundamental de esta Declaratoria de Excepci\u00f3n es frenar la tala del bosque nativo y de regeneraci\u00f3n natural en la provincia costera para promover un manejo forestal sostenible, tambi\u00e9n es responsabilidad de esta Cartera de Estado, evitar que esta actividad indiscriminada se desarrolle en otros puntos del pa\u00eds.<\/p>\n<p style=\"text-align: justify;\">Estas medidas permitir\u00e1n al Ecuador hacer frente a un sistema de control forestal modelo, que permita el aprovechamiento sostenible de los recursos. Para esto, el pa\u00eds cuenta con una Autoridad Ambiental fuerte y comprometida, que va a llevar adelante esta medida, pensada en beneficio de la mayor\u00eda de ecuatorianos.<\/p>\n<p style=\"text-align: justify;\"><strong>Acciones de control en las direcciones provinciales<\/strong><\/p>\n<p style=\"text-align: justify;\">La Direcci\u00f3n Provincial del Ambiente de Pastaza, cumpliendo con las actividades del MAE como ente rector, coordinador y regulador de la gesti\u00f3n ambiental, realiza operativos de control en coordinaci\u00f3n con la Brigada N\u00ba 17 de Pastaza y Comando de la Polic\u00eda Nacional N\u00ba 16 Pastaza.<\/p>\n<p style=\"text-align: justify;\">De igual forma, se ha reforzado la vigilancia en la v\u00eda Villano Paparahua, porque, al ser una v\u00eda relativamente nueva, representa una posible ruta de transporte ilegal de madera.<\/p>\n<p style=\"text-align: justify;\">Adicional a esto, se crear\u00e1 un control integrado fijo en la v\u00eda Puyo \u2013 Macas, en el sector Chuwitayo, pues por esta carretera el producto forestal es movilizado hasta la ciudad de Riobamba y Cuenca. Al ser una de las provincias m\u00e1s grandes en territorio, es indispensable el mencionado control.<\/p>\n<p style=\"text-align: justify;\">Por otro lado, la provincia de Zamora Chinchipe cuenta con dos oficinas t\u00e9cnicas de manejo forestal, una en Zamora y otra en Valladolid, las mismas que en conjunto con la Unidad de Protecci\u00f3n del Medio Ambiente de la Polic\u00eda Nacional (UPMA) y el Ej\u00e9rcito Nacional, efect\u00faan acciones de control de movilizaci\u00f3n y comercio ilegal de productos maderables.<\/p>\n<p style=\"text-align: justify;\">Adem\u00e1s, se verifica que los programas de aprovechamiento forestal sostenible cumplan con todas las normativas ambientales. Se han realizado 53 inspecciones de control y verificaci\u00f3n in situ a los programas de aprovechamiento forestal, localizados en la jurisdicci\u00f3n provincial.<\/p>\n<p style=\"text-align: justify;\">Por su parte, la Direcci\u00f3n Provincial del Ambiente de Sucumb\u00edos se mantiene alerta en las carreteras y monitorea peri\u00f3dicamente los 400 programas de aprovechamiento forestal que est\u00e1n en la provincia. Los controles m\u00f3viles se realizan cada 5 d\u00edas en las principales v\u00edas y cerca de las \u00e1reas protegidas.<\/p>\n<p style=\"text-align: justify;\" align=\"center\">\n","protected":false},"excerpt":{"rendered":"<p class=\"excerpt\">El Ministerio del Ambiente (MAE), en respuesta al Estado de Excepci\u00f3n Forestal decretado en Esmeraldas, ejecuta varias medidas de control a nivel nacional, con mayor \u00e9nfasis en la Amazon\u00eda ecuatoriana, con el fin de evitar que la tala ilegal se desplace a este sector vulnerable. Como parte de esta medida preventiva, se intensifican los controles tanto fijos como m\u00f3viles, atenci\u00f3n&hellip; <a href=\"https:\/\/www.ambienteyenergia.gob.ec\/ambiente\/ministerio-del-ambiente-intensifica-operativos-de-control-forestal-en-la-amazonia\/\">Read more &rarr;<\/a><\/p>\n","protected":false},"author":13,"featured_media":16139,"comment_status":"open","ping_status":"open","sticky":false,"template":"","format":"standard","meta":{"footnotes":""},"categories":[16,4],"tags":[],"class_list":["post-16138","post","type-post","status-publish","format-standard","has-post-thumbnail","hentry","category-comunicamos","category-noticias","xfolkentry"],"_links":{"self":[{"href":"https:\/\/www.ambienteyenergia.gob.ec\/ambiente\/wp-json\/wp\/v2\/posts\/16138","targetHints":{"allow":["GET"]}}],"collection":[{"href":"https:\/\/www.ambienteyenergia.gob.ec\/ambiente\/wp-json\/wp\/v2\/posts"}],"about":[{"href":"https:\/\/www.ambienteyenergia.gob.ec\/ambiente\/wp-json\/wp\/v2\/types\/post"}],"author":[{"embeddable":true,"href":"https:\/\/www.ambienteyenergia.gob.ec\/ambiente\/wp-json\/wp\/v2\/users\/13"}],"replies":[{"embeddable":true,"href":"https:\/\/www.ambienteyenergia.gob.ec\/ambiente\/wp-json\/wp\/v2\/comments?post=16138"}],"version-history":[{"count":0,"href":"https:\/\/www.ambienteyenergia.gob.ec\/ambiente\/wp-json\/wp\/v2\/posts\/16138\/revisions"}],"wp:featuredmedia":[{"embeddable":true,"href":"https:\/\/www.ambienteyenergia.gob.ec\/ambiente\/wp-json\/wp\/v2\/media\/16139"}],"wp:attachment":[{"href":"https:\/\/www.ambienteyenergia.gob.ec\/ambiente\/wp-json\/wp\/v2\/media?parent=16138"}],"wp:term":[{"taxonomy":"category","embeddable":true,"href":"https:\/\/www.ambienteyenergia.gob.ec\/ambiente\/wp-json\/wp\/v2\/categories?post=16138"},{"taxonomy":"post_tag","embeddable":true,"href":"https:\/\/www.ambienteyenergia.gob.ec\/ambiente\/wp-json\/wp\/v2\/tags?post=16138"}],"curies":[{"name":"wp","href":"https:\/\/api.w.org\/{rel}","templated":true}]}}