{"id":16134,"date":"2013-10-22T15:26:00","date_gmt":"2013-10-22T20:26:00","guid":{"rendered":"http:\/\/www.ambiente.gob.ec\/?p=16134"},"modified":"2013-10-22T15:26:00","modified_gmt":"2013-10-22T20:26:00","slug":"proyecto-ecotalleres-inicio-en-la-parroquia-san-carlos-los-rios","status":"publish","type":"post","link":"https:\/\/www.ambienteyenergia.gob.ec\/ambiente\/proyecto-ecotalleres-inicio-en-la-parroquia-san-carlos-los-rios\/","title":{"rendered":"Proyecto Ecotalleres inici\u00f3 en la parroquia San Carlos  (Los R\u00edos)"},"content":{"rendered":"<p style=\"text-align: justify;\">El Ministerio del Ambiente (MAE), el pasado 18 de octubre, inici\u00f3 el proyecto \u201cEcotalleres\u201d para la formaci\u00f3n de Promotores Ambientales Comunitarios en la parroquia San Carlos, provincia de Los R\u00edos. Este proyecto forma parte del Plan de Educaci\u00f3n Ambiental Ciudadana \u201cSomos parte de la soluci\u00f3n\u201d.<\/p>\n<p style=\"text-align: justify;\">Los Ecotalleres tienen como escenario de acci\u00f3n a las parroquias rurales de todas las provincias del pa\u00eds y como protagonistas a los l\u00edderes ambientales que viven en esas zonas. Ellos son los primeros en enfrentar los problemas socioambientales que se presentan en sus sectores y que tienen un impacto directo en la salud, alimentaci\u00f3n, actividades productivas, y en definitiva, en la calidad de vida de sus comunidades.<\/p>\n<p style=\"text-align: justify;\">Los participantes recibir\u00e1n capacitaci\u00f3n durante 60 horas en temas tales como Gesti\u00f3n Ambiental, Desarrollo Sostenible, Problemas Ambientales, Educaci\u00f3n Ambiental Comunitaria, entre otros. Esto les permitir\u00e1 aportar en la gesti\u00f3n ambiental de su parroquia, proponiendo alternativas para un manejo adecuado y sustentable de los recursos naturales.<\/p>\n<p style=\"text-align: justify;\">Actualmente en la provincia de Los R\u00edos, culmin\u00f3 el segundo Ecotaller en la parroquia Ricaurte esperando \u00fanicamente la evaluaci\u00f3n final por parte de la Escuela Superior Polit\u00e9cnica del Ej\u00e9rcito (ESPE). Se tiene previsto ejecutar el cuarto Ecotaller en la parroquia Pimocha del cant\u00f3n Babahoyo.<\/p>\n<p style=\"text-align: justify;\">\n","protected":false},"excerpt":{"rendered":"<p class=\"excerpt\">El Ministerio del Ambiente (MAE), el pasado 18 de octubre, inici\u00f3 el proyecto \u201cEcotalleres\u201d para la formaci\u00f3n de Promotores Ambientales Comunitarios en la parroquia San Carlos, provincia de Los R\u00edos. Este proyecto forma parte del Plan de Educaci\u00f3n Ambiental Ciudadana \u201cSomos parte de la soluci\u00f3n\u201d. Los Ecotalleres tienen como escenario de acci\u00f3n a las parroquias rurales de todas las provincias&hellip; <a href=\"https:\/\/www.ambienteyenergia.gob.ec\/ambiente\/proyecto-ecotalleres-inicio-en-la-parroquia-san-carlos-los-rios\/\">Read more &rarr;<\/a><\/p>\n","protected":false},"author":13,"featured_media":16135,"comment_status":"open","ping_status":"open","sticky":false,"template":"","format":"standard","meta":{"footnotes":""},"categories":[16,4],"tags":[246,229,53,54],"class_list":["post-16134","post","type-post","status-publish","format-standard","has-post-thumbnail","hentry","category-comunicamos","category-noticias","tag-ecotalleres","tag-los-rios","tag-mae","tag-ministerio-del-ambiente","xfolkentry"],"_links":{"self":[{"href":"https:\/\/www.ambienteyenergia.gob.ec\/ambiente\/wp-json\/wp\/v2\/posts\/16134","targetHints":{"allow":["GET"]}}],"collection":[{"href":"https:\/\/www.ambienteyenergia.gob.ec\/ambiente\/wp-json\/wp\/v2\/posts"}],"about":[{"href":"https:\/\/www.ambienteyenergia.gob.ec\/ambiente\/wp-json\/wp\/v2\/types\/post"}],"author":[{"embeddable":true,"href":"https:\/\/www.ambienteyenergia.gob.ec\/ambiente\/wp-json\/wp\/v2\/users\/13"}],"replies":[{"embeddable":true,"href":"https:\/\/www.ambienteyenergia.gob.ec\/ambiente\/wp-json\/wp\/v2\/comments?post=16134"}],"version-history":[{"count":0,"href":"https:\/\/www.ambienteyenergia.gob.ec\/ambiente\/wp-json\/wp\/v2\/posts\/16134\/revisions"}],"wp:featuredmedia":[{"embeddable":true,"href":"https:\/\/www.ambienteyenergia.gob.ec\/ambiente\/wp-json\/wp\/v2\/media\/16135"}],"wp:attachment":[{"href":"https:\/\/www.ambienteyenergia.gob.ec\/ambiente\/wp-json\/wp\/v2\/media?parent=16134"}],"wp:term":[{"taxonomy":"category","embeddable":true,"href":"https:\/\/www.ambienteyenergia.gob.ec\/ambiente\/wp-json\/wp\/v2\/categories?post=16134"},{"taxonomy":"post_tag","embeddable":true,"href":"https:\/\/www.ambienteyenergia.gob.ec\/ambiente\/wp-json\/wp\/v2\/tags?post=16134"}],"curies":[{"name":"wp","href":"https:\/\/api.w.org\/{rel}","templated":true}]}}