{"id":16124,"date":"2013-10-22T11:09:25","date_gmt":"2013-10-22T16:09:25","guid":{"rendered":"http:\/\/www.ambiente.gob.ec\/?p=16124"},"modified":"2013-10-22T11:14:40","modified_gmt":"2013-10-22T16:14:40","slug":"mas-de-300-metros-cubicos-de-madera-retenida-en-operativos-en-quininde-esmeraldas","status":"publish","type":"post","link":"https:\/\/www.ambienteyenergia.gob.ec\/ambiente\/mas-de-300-metros-cubicos-de-madera-retenida-en-operativos-en-quininde-esmeraldas\/","title":{"rendered":"M\u00e1s de 300 metros c\u00fabicos de madera retenida en operativos en Quinind\u00e9 (Esmeraldas)"},"content":{"rendered":"<p style=\"text-align: justify;\">El Ministerio del Ambiente (MAE) detuvo 302 metros c\u00fabicos de madera, en el operativo m\u00f3vil conjunto que se realiz\u00f3 el pasado 17 de octubre, en los recintos Zapallo y Las Golondrinas del cant\u00f3n Quinind\u00e9, en centro de la provincia de Esmeraldas.<\/p>\n<p style=\"text-align: justify;\">Asimismo, madera de los centros de acopio fue retenida, pues sus propietarios no justificaron la procedencia del producto forestal, como lo establece la normativa del Estado de Excepci\u00f3n Forestal, mediante el decreto ejecutivo No. 116.<\/p>\n<p style=\"text-align: justify;\">Por otro lado, en puesto de control fijo de La Marujita, ubicada en Quinind\u00e9, se detuvo 61 m3 de madera que se transportaba en dos camiones. Entre el producto forestal incautado se encontraron especies de laurel, mascarey, doncel, jigua, guayac\u00e1n pechiche, canelo, sande, cutanga, pachaco y chanul.<\/p>\n<p style=\"text-align: justify;\">\u201cEste es el tercer operativo m\u00f3vil combinado con resultados satisfactorios para el Ministerio del Ambiente\u201d, manifest\u00f3 Narcisa C\u00e1rdenas, Directora Provincial del Ministerio del Ambiente.<\/p>\n<p style=\"text-align: justify;\">El total de madera retenida hasta la fecha es de 695,12 m3, en los controles en puestos fijos y m\u00f3viles, en los cantones San Lorenzo, Eloy Alfaro, Quinind\u00e9 y Muisne.<\/p>\n<p style=\"text-align: justify;\">Este trabajo coordinado del MAE con el Comando Naval de Operaciones Norte (Coopno), Polic\u00eda Nacional, Secretaria Nacional de Inteligencia y Fiscal\u00eda, es uno de los elementos que ha permitido el \u00e9xito en las actividades incluidas en el plan de acci\u00f3n liderado por esta Cartera de Estado.<\/p>\n<p style=\"text-align: justify;\">Como parte de las acciones jur\u00eddicas cumplidas dentro del Estado de Excepci\u00f3n, se iniciaron 16 procesos administrativos, de los cuales ocho son por movilizaci\u00f3n ilegal del producto forestal y los restantes por incumplimiento a la normativa en la ejecuci\u00f3n de programas de aprovechamiento forestal.<\/p>\n<p style=\"text-align: justify;\">C\u00e1rdenas, al evaluar las tres semanas del cumplimiento de este Decreto, afirm\u00f3 que ahora se puede contar con toda la implementaci\u00f3n de los diferentes componentes del mismo. Entre ellos, la verificaci\u00f3n de programas de aprovechamiento del bosque y la socializaci\u00f3n de incentivos con seis brigadas del Programa Socio Bosque.<\/p>\n<p>&nbsp;<\/p>\n","protected":false},"excerpt":{"rendered":"<p class=\"excerpt\">El Ministerio del Ambiente (MAE) detuvo 302 metros c\u00fabicos de madera, en el operativo m\u00f3vil conjunto que se realiz\u00f3 el pasado 17 de octubre, en los recintos Zapallo y Las Golondrinas del cant\u00f3n Quinind\u00e9, en centro de la provincia de Esmeraldas. Asimismo, madera de los centros de acopio fue retenida, pues sus propietarios no justificaron la procedencia del producto forestal,&hellip; <a href=\"https:\/\/www.ambienteyenergia.gob.ec\/ambiente\/mas-de-300-metros-cubicos-de-madera-retenida-en-operativos-en-quininde-esmeraldas\/\">Read more &rarr;<\/a><\/p>\n","protected":false},"author":13,"featured_media":16127,"comment_status":"open","ping_status":"open","sticky":false,"template":"","format":"standard","meta":{"footnotes":""},"categories":[16,4],"tags":[55,333,338,337,53,54],"class_list":["post-16124","post","type-post","status-publish","format-standard","has-post-thumbnail","hentry","category-comunicamos","category-noticias","tag-esmeraldas","tag-estado-de-excepcion","tag-forestacion","tag-madera","tag-mae","tag-ministerio-del-ambiente","xfolkentry"],"_links":{"self":[{"href":"https:\/\/www.ambienteyenergia.gob.ec\/ambiente\/wp-json\/wp\/v2\/posts\/16124","targetHints":{"allow":["GET"]}}],"collection":[{"href":"https:\/\/www.ambienteyenergia.gob.ec\/ambiente\/wp-json\/wp\/v2\/posts"}],"about":[{"href":"https:\/\/www.ambienteyenergia.gob.ec\/ambiente\/wp-json\/wp\/v2\/types\/post"}],"author":[{"embeddable":true,"href":"https:\/\/www.ambienteyenergia.gob.ec\/ambiente\/wp-json\/wp\/v2\/users\/13"}],"replies":[{"embeddable":true,"href":"https:\/\/www.ambienteyenergia.gob.ec\/ambiente\/wp-json\/wp\/v2\/comments?post=16124"}],"version-history":[{"count":0,"href":"https:\/\/www.ambienteyenergia.gob.ec\/ambiente\/wp-json\/wp\/v2\/posts\/16124\/revisions"}],"wp:featuredmedia":[{"embeddable":true,"href":"https:\/\/www.ambienteyenergia.gob.ec\/ambiente\/wp-json\/wp\/v2\/media\/16127"}],"wp:attachment":[{"href":"https:\/\/www.ambienteyenergia.gob.ec\/ambiente\/wp-json\/wp\/v2\/media?parent=16124"}],"wp:term":[{"taxonomy":"category","embeddable":true,"href":"https:\/\/www.ambienteyenergia.gob.ec\/ambiente\/wp-json\/wp\/v2\/categories?post=16124"},{"taxonomy":"post_tag","embeddable":true,"href":"https:\/\/www.ambienteyenergia.gob.ec\/ambiente\/wp-json\/wp\/v2\/tags?post=16124"}],"curies":[{"name":"wp","href":"https:\/\/api.w.org\/{rel}","templated":true}]}}