{"id":16118,"date":"2013-10-22T08:32:26","date_gmt":"2013-10-22T13:32:26","guid":{"rendered":"http:\/\/www.ambiente.gob.ec\/?p=16118"},"modified":"2013-10-22T08:32:26","modified_gmt":"2013-10-22T13:32:26","slug":"acusados-de-mineria-ilegal-deberan-restaurar-danos-causados-en-bosque-protector-de-la-cuenca-del-rio-paute","status":"publish","type":"post","link":"https:\/\/www.ambienteyenergia.gob.ec\/ambiente\/acusados-de-mineria-ilegal-deberan-restaurar-danos-causados-en-bosque-protector-de-la-cuenca-del-rio-paute\/","title":{"rendered":"Acusados de miner\u00eda ilegal deber\u00e1n restaurar da\u00f1os causados en Bosque Protector de la cuenca del R\u00edo Paute"},"content":{"rendered":"<p style=\"text-align: justify;\">Siete procesados por delito ambiental, implicados en actividades de miner\u00eda ilegal en el cant\u00f3n Sigsig, parroquia Sigsig, provincia del Azuay, aceptaron su responsabilidad y manifestaron su voluntad de reparar el da\u00f1o ambiental que cometieron en el Bosque Protector de la Cuenca del R\u00edo Paute.<\/p>\n<p style=\"text-align: justify;\">El 30 de enero pasado \u00c1ngel M., Franklin J., Walter G., Luis A., Silvio A., Nilson P. y Jorge U. fueron implicados en actividades extractivas ilegales junto a otras 34 personas, luego de un operativo interinstitucional denominado Ayll\u00f3n 3.<\/p>\n<p style=\"text-align: justify;\">Esa madrugada 235 polic\u00edas y 105 miembros de las Fuerzas Armadas, junto a funcionarios del Ministerio del Ambiente (MAE), la Agencia de Regulaci\u00f3n y Control Minero (ARCOM) y la Fiscal\u00eda llegaron a una zona afectada por la miner\u00eda aur\u00edfera aluvial. Adem\u00e1s de ejecutar las detenciones se inhabilit\u00f3 cinco campamentos y se detuvo a 41 personas, 21 ecuatorianos y 20 colombianos.<\/p>\n<p style=\"text-align: justify;\">Posteriormente, se abri\u00f3 cinco procesos judiciales de car\u00e1cter penal, uno por cada campamento ubicado en parte del bosque protector. Los procesados a los que se hace referencia en este comunicado trabajaban en el campamento cinco.<\/p>\n<p style=\"text-align: justify;\">El 17 de octubre del 2013 los acusados presentaron ante el Tribunal de Garant\u00edas Penales del Azuay una solicitud de suspensi\u00f3n condicional del procedimiento, una medida alternativa de mediaci\u00f3n que considera el cumplimiento de ciertas condiciones a fin de que los acusados puedan reparar el da\u00f1o causado, manteniendo su libertad.<\/p>\n<p style=\"text-align: justify;\">El Tribunal puso a consideraci\u00f3n de la Fiscal\u00eda y del Ministerio del Ambiente (MAE) la solicitud de los acusados. Las dos instituciones aceptaron, teniendo en cuenta que los implicados deber\u00e1n aplicar un plan de manejo que se ajuste al Informe de Valoraci\u00f3n por Da\u00f1os Ambientales generados en esa zona.<\/p>\n<p style=\"text-align: justify;\">Para que la suspensi\u00f3n condicional sea concedida los implicados se comprometieron a cumplir con los siguientes requisitos:<\/p>\n<ol style=\"text-align: justify;\">\n<li>Los acusados deben abstenerse de realizar actividades de miner\u00eda ilegal en el Bosque Protector de la Cuenca del R\u00edo Paute, cant\u00f3n Sigsig.<\/li>\n<li>En un plazo de dos meses, los acusados deber\u00e1n presentar al Programa de Reparaci\u00f3n Ambiental y Social (PRAS) del Ministerio del Ambiente el Plan de remediaci\u00f3n y reparaci\u00f3n del \u00e1rea afectada (campamento 5). Ese plan deber\u00e1 ser ejecutado por los acusados y supervisado por el PRAS-MAE, sobre el informe de Valoraci\u00f3n de Pasivos Ambientales y Sociales, presentado como prueba en el juicio.<\/li>\n<li>En un plazo de tres meses los acusados deber\u00e1n capacitarse en temas ambientales y mineros<\/li>\n<\/ol>\n<p style=\"text-align: justify;\">Este es el segundo caso que en el cual la Justicia ecuatoriana acepta una solicitud de suspensi\u00f3n condicional del procedimiento en delitos de materia ambiental. La primera vez que se procedi\u00f3 de esta manera fue el 14 de octubre pasado, cuando cuatro procesados por delito de contaminaci\u00f3n ambiental como resultado de actividades de miner\u00eda ilegal en Yacuambi, provincia de Zamora Chinchipe, aceptaron su participaci\u00f3n y manifestaron su voluntad de reparar el da\u00f1o ambiental que cometieron. En esa ocasi\u00f3n el Tribunal de Garant\u00edas Penales de Zamora acept\u00f3 la suspensi\u00f3n condicional del procedimiento, condicionando a los implicados a cumplir una serie de requisitos.<\/p>\n<p style=\"text-align: justify;\">En los dos casos la aplicaci\u00f3n de esta medida alternativa no representa la terminaci\u00f3n de los procesos judiciales. Ya que de incumplir los acusados con alguna de las condiciones, se proceder\u00e1 a solicitar la revocatoria de la suspensi\u00f3n condicional y entonces se continuar\u00eda con la audiencia de juzgamiento sin opci\u00f3n a un segundo pedido de suspensi\u00f3n.<\/p>\n<p>&nbsp;<\/p>\n<p>&nbsp;<\/p>\n","protected":false},"excerpt":{"rendered":"<p class=\"excerpt\">Siete procesados por delito ambiental, implicados en actividades de miner\u00eda ilegal en el cant\u00f3n Sigsig, parroquia Sigsig, provincia del Azuay, aceptaron su responsabilidad y manifestaron su voluntad de reparar el da\u00f1o ambiental que cometieron en el Bosque Protector de la Cuenca del R\u00edo Paute. El 30 de enero pasado \u00c1ngel M., Franklin J., Walter G., Luis A., Silvio A., Nilson&hellip; <a href=\"https:\/\/www.ambienteyenergia.gob.ec\/ambiente\/acusados-de-mineria-ilegal-deberan-restaurar-danos-causados-en-bosque-protector-de-la-cuenca-del-rio-paute\/\">Read more &rarr;<\/a><\/p>\n","protected":false},"author":13,"featured_media":15927,"comment_status":"open","ping_status":"open","sticky":false,"template":"","format":"standard","meta":{"footnotes":""},"categories":[16,4],"tags":[212,336,53,125,54,335],"class_list":["post-16118","post","type-post","status-publish","format-standard","has-post-thumbnail","hentry","category-comunicamos","category-noticias","tag-azuay","tag-bosque-protector","tag-mae","tag-mineria","tag-ministerio-del-ambiente","tag-sigsig","xfolkentry"],"_links":{"self":[{"href":"https:\/\/www.ambienteyenergia.gob.ec\/ambiente\/wp-json\/wp\/v2\/posts\/16118","targetHints":{"allow":["GET"]}}],"collection":[{"href":"https:\/\/www.ambienteyenergia.gob.ec\/ambiente\/wp-json\/wp\/v2\/posts"}],"about":[{"href":"https:\/\/www.ambienteyenergia.gob.ec\/ambiente\/wp-json\/wp\/v2\/types\/post"}],"author":[{"embeddable":true,"href":"https:\/\/www.ambienteyenergia.gob.ec\/ambiente\/wp-json\/wp\/v2\/users\/13"}],"replies":[{"embeddable":true,"href":"https:\/\/www.ambienteyenergia.gob.ec\/ambiente\/wp-json\/wp\/v2\/comments?post=16118"}],"version-history":[{"count":0,"href":"https:\/\/www.ambienteyenergia.gob.ec\/ambiente\/wp-json\/wp\/v2\/posts\/16118\/revisions"}],"wp:featuredmedia":[{"embeddable":true,"href":"https:\/\/www.ambienteyenergia.gob.ec\/ambiente\/wp-json\/wp\/v2\/media\/15927"}],"wp:attachment":[{"href":"https:\/\/www.ambienteyenergia.gob.ec\/ambiente\/wp-json\/wp\/v2\/media?parent=16118"}],"wp:term":[{"taxonomy":"category","embeddable":true,"href":"https:\/\/www.ambienteyenergia.gob.ec\/ambiente\/wp-json\/wp\/v2\/categories?post=16118"},{"taxonomy":"post_tag","embeddable":true,"href":"https:\/\/www.ambienteyenergia.gob.ec\/ambiente\/wp-json\/wp\/v2\/tags?post=16118"}],"curies":[{"name":"wp","href":"https:\/\/api.w.org\/{rel}","templated":true}]}}