{"id":16105,"date":"2013-10-21T14:26:14","date_gmt":"2013-10-21T19:26:14","guid":{"rendered":"http:\/\/www.ambiente.gob.ec\/?p=16105"},"modified":"2013-10-21T15:33:43","modified_gmt":"2013-10-21T20:33:43","slug":"ministra-del-ambiente-lorena-tapia-explica-experiencias-de-ecuador-en-el-manejo-de-areas-protegidas-a-delegacion-chilena","status":"publish","type":"post","link":"https:\/\/www.ambienteyenergia.gob.ec\/ambiente\/ministra-del-ambiente-lorena-tapia-explica-experiencias-de-ecuador-en-el-manejo-de-areas-protegidas-a-delegacion-chilena\/","title":{"rendered":"Ministra del Ambiente, Lorena Tapia, explica experiencias de Ecuador en el manejo de \u00e1reas protegidas a delegaci\u00f3n Chilena"},"content":{"rendered":"<p style=\"text-align: justify;\">Hoy, la Ministra del Ambiente, Lorena Tapia, y la Ministra de Medio Ambiente de Chile, Ignacia Ben\u00edtez, intercambiaron experiencias enfocadas al manejo y gesti\u00f3n de \u00e1reas protegidas y cambio clim\u00e1tico, en el marco de la visita oficial que realiza la Ministra Ben\u00edtez al Ecuador, del 21 al 24 de octubre. En la cita de alto nivel participaron tambi\u00e9n delegaciones de ambos pa\u00edses y representantes de la Canciller\u00eda ecuatoriana.<\/p>\n<p style=\"text-align: justify;\">La M\u00e1xima Autoridad Ambiental de Ecuador se\u00f1al\u00f3 que este intercambio de conocimientos en materia ambiental es positivo, pues fortificar\u00e1n la gesti\u00f3n de sus pares. \u201cPara m\u00ed es muy grato darles la bienvenida a nuestro pa\u00eds, en donde podremos compartir importantes experiencias en beneficio de ambos pa\u00edses y as\u00ed fortalecer la gesti\u00f3n ambiental para construir un Ecuador y un Chile ecol\u00f3gicamente equilibrados\u201d, asegur\u00f3 la Ministra Lorena Tapia.<\/p>\n<p style=\"text-align: justify;\">En esta jornada de trabajo se expuso principalmente la gesti\u00f3n y administraci\u00f3n de \u00e1reas protegidas de la sierra y costa ecuatorianas, y del Parque Nacional Gal\u00e1pagos. Asimismo, se entreg\u00f3 informaci\u00f3n sobre la gesti\u00f3n realizada en las \u00e1reas protegidas continentales y marinas costeras del Ecuador.<\/p>\n<p style=\"text-align: justify;\">En ese sentido, la Ministra Tapia afirm\u00f3 que el Ecuador es el primer pa\u00eds del mundo en reconocer en su constituci\u00f3n pol\u00edtica los derechos de la naturaleza. \u201cTodos quienes somos parte de este maravilloso pa\u00eds, gracias a la voluntad pol\u00edtica del Gobierno Nacional, asumimos el reto de propagar y velar por el cumplimiento de una nueva forma de convivencia ciudadana, en diversidad y armon\u00eda con la naturaleza para alcanzar el Buen Vivir\u201d, ratific\u00f3 la Titular de esta cartera de Estado.<\/p>\n<p style=\"text-align: justify;\">Asimismo, Tapia destac\u00f3 que Ecuador es el quinto pa\u00eds de la regi\u00f3n que m\u00e1s recursos invierte en la conservaci\u00f3n de sus \u00e1reas protegidas. \u201cEste Ministerio ha empe\u00f1ado sus esfuerzos en la aplicaci\u00f3n de pol\u00edticas que devuelvan la esperanza y la oportunidad a todos los ciudadanos de acercarse a los espacios naturales. Tal es la importancia, que 19,4% del territorio nacional es parte del Sistema Nacional de \u00c1reas Protegidas\u201d, expres\u00f3.<\/p>\n<p style=\"text-align: justify;\">La Ministra Chilena particip\u00f3 activamente de las exposiciones que realizaron los subsecretarios de Patrimonio Natural y Cambio Clim\u00e1tico del MAE, quienes respondieron sus inquietudes y solventaron sus dudas en temas de patrimonio natural, \u00e1reas protegidas y cambio clim\u00e1tico.<\/p>\n<p style=\"text-align: justify;\">Ambas autoridades coincidieron en que esta reuni\u00f3n fue importante y fruct\u00edfera, pues los dos pa\u00edses intercambiaron experiencias y conocimientos sobre la gesti\u00f3n ambiental.<\/p>\n<p style=\"text-align: justify;\">\n","protected":false},"excerpt":{"rendered":"<p class=\"excerpt\">Hoy, la Ministra del Ambiente, Lorena Tapia, y la Ministra de Medio Ambiente de Chile, Ignacia Ben\u00edtez, intercambiaron experiencias enfocadas al manejo y gesti\u00f3n de \u00e1reas protegidas y cambio clim\u00e1tico, en el marco de la visita oficial que realiza la Ministra Ben\u00edtez al Ecuador, del 21 al 24 de octubre. En la cita de alto nivel participaron tambi\u00e9n delegaciones de&hellip; <a href=\"https:\/\/www.ambienteyenergia.gob.ec\/ambiente\/ministra-del-ambiente-lorena-tapia-explica-experiencias-de-ecuador-en-el-manejo-de-areas-protegidas-a-delegacion-chilena\/\">Read more &rarr;<\/a><\/p>\n","protected":false},"author":13,"featured_media":16106,"comment_status":"open","ping_status":"open","sticky":false,"template":"","format":"standard","meta":{"footnotes":""},"categories":[16,4,10],"tags":[],"class_list":["post-16105","post","type-post","status-publish","format-standard","has-post-thumbnail","hentry","category-comunicamos","category-noticias","category-noticias-destacadas","xfolkentry"],"_links":{"self":[{"href":"https:\/\/www.ambienteyenergia.gob.ec\/ambiente\/wp-json\/wp\/v2\/posts\/16105","targetHints":{"allow":["GET"]}}],"collection":[{"href":"https:\/\/www.ambienteyenergia.gob.ec\/ambiente\/wp-json\/wp\/v2\/posts"}],"about":[{"href":"https:\/\/www.ambienteyenergia.gob.ec\/ambiente\/wp-json\/wp\/v2\/types\/post"}],"author":[{"embeddable":true,"href":"https:\/\/www.ambienteyenergia.gob.ec\/ambiente\/wp-json\/wp\/v2\/users\/13"}],"replies":[{"embeddable":true,"href":"https:\/\/www.ambienteyenergia.gob.ec\/ambiente\/wp-json\/wp\/v2\/comments?post=16105"}],"version-history":[{"count":0,"href":"https:\/\/www.ambienteyenergia.gob.ec\/ambiente\/wp-json\/wp\/v2\/posts\/16105\/revisions"}],"wp:featuredmedia":[{"embeddable":true,"href":"https:\/\/www.ambienteyenergia.gob.ec\/ambiente\/wp-json\/wp\/v2\/media\/16106"}],"wp:attachment":[{"href":"https:\/\/www.ambienteyenergia.gob.ec\/ambiente\/wp-json\/wp\/v2\/media?parent=16105"}],"wp:term":[{"taxonomy":"category","embeddable":true,"href":"https:\/\/www.ambienteyenergia.gob.ec\/ambiente\/wp-json\/wp\/v2\/categories?post=16105"},{"taxonomy":"post_tag","embeddable":true,"href":"https:\/\/www.ambienteyenergia.gob.ec\/ambiente\/wp-json\/wp\/v2\/tags?post=16105"}],"curies":[{"name":"wp","href":"https:\/\/api.w.org\/{rel}","templated":true}]}}