{"id":16095,"date":"2013-10-21T09:44:35","date_gmt":"2013-10-21T14:44:35","guid":{"rendered":"http:\/\/www.ambiente.gob.ec\/?p=16095"},"modified":"2013-10-21T09:44:35","modified_gmt":"2013-10-21T14:44:35","slug":"mae-rescato-a-guacamayo-rojo-con-verde-en-el-oro","status":"publish","type":"post","link":"https:\/\/www.ambienteyenergia.gob.ec\/ambiente\/mae-rescato-a-guacamayo-rojo-con-verde-en-el-oro\/","title":{"rendered":"MAE rescat\u00f3 a guacamayo rojo con verde en El Oro"},"content":{"rendered":"<p style=\"text-align: justify;\">La Direcci\u00f3n Provincial del Ambiente de El Oro, a trav\u00e9s de su Unidad de Vida Silvestre, junto con miembros de la Unidad de Protecci\u00f3n de Medio Ambiente (UPMA) de la Polic\u00eda Nacional y ciudadanos de Machala, recuper\u00f3 a un guacamayo rojo con verde <strong><em>(Ara chloroptera) <\/em><\/strong>que se encontraba en el cant\u00f3n Zaruma.<\/p>\n<p style=\"text-align: justify;\">El ejemplar fue trasladado al Zool\u00f3gico Arenillas para su custodia temporal. Durante su hospedaje en este centro, ser\u00e1 evaluado por el m\u00e9dico veterinario especializado. Luego de una cuarentena, se decidir\u00e1 si est\u00e1 apto para la reintroducci\u00f3n a su h\u00e1bitat natural o si es necesario que permanezca en un centro especializado en manejo de vida silvestre.<\/p>\n<p style=\"text-align: justify;\">Estos operativos est\u00e1n siendo realizados a nivel provincial, de manera constante. Por ello, esta Cartera de Estado \u00a0solicita a la poblaci\u00f3n que mantenga animales de vida silvestre en cautiverio, los entreguen de manera voluntaria. Tambi\u00e9n requiere el apoyo de la poblaci\u00f3n denunciando lugares o personas que mantengan retenidos animales silvestres a la Direcci\u00f3n Provincial del Ambiente de El Oro ubicado en las calles, Vela entre 25 de Junio y Sucre (Ex-Edificio de Predesur) 5to piso o al tel: 2934596 ext. 15<strong>\u00a0<\/strong><\/p>\n<p style=\"text-align: justify;\">El Ministerio del Ambiente (MAE) despliega\u00a0 m\u00faltiples eventos de educaci\u00f3n ambiental, trabajo comunitario y actividades de vinculaci\u00f3n social con la finalidad de educar a la poblaci\u00f3n en la responsabilidad del cuidado de nuestro planeta.<\/p>\n<p style=\"text-align: justify;\"><strong>El Dato<\/strong><\/p>\n<p style=\"text-align: justify;\">El Guacamayo rojo con verde <strong><em>(Ara chloroptera) <\/em><\/strong>es una especie registrada en el Ap\u00e9ndice II de Convenci\u00f3n sobre el Comercio Internacional de Especies Amenazadas de fauna y flora Silvestres (CITES) y en la lista roja de especies del Ecuador, su estado es vulnerable. Es decir, no est\u00e1n necesariamente amenazadas de extinci\u00f3n pero que podr\u00edan llegar a estarlo a menos que se controle estrictamente su comercio.<\/p>\n","protected":false},"excerpt":{"rendered":"<p class=\"excerpt\">La Direcci\u00f3n Provincial del Ambiente de El Oro, a trav\u00e9s de su Unidad de Vida Silvestre, junto con miembros de la Unidad de Protecci\u00f3n de Medio Ambiente (UPMA) de la Polic\u00eda Nacional y ciudadanos de Machala, recuper\u00f3 a un guacamayo rojo con verde (Ara chloroptera) que se encontraba en el cant\u00f3n Zaruma. El ejemplar fue trasladado al Zool\u00f3gico Arenillas para&hellip; <a href=\"https:\/\/www.ambienteyenergia.gob.ec\/ambiente\/mae-rescato-a-guacamayo-rojo-con-verde-en-el-oro\/\">Read more &rarr;<\/a><\/p>\n","protected":false},"author":13,"featured_media":16096,"comment_status":"open","ping_status":"open","sticky":false,"template":"","format":"standard","meta":{"footnotes":""},"categories":[16,4],"tags":[],"class_list":["post-16095","post","type-post","status-publish","format-standard","has-post-thumbnail","hentry","category-comunicamos","category-noticias","xfolkentry"],"_links":{"self":[{"href":"https:\/\/www.ambienteyenergia.gob.ec\/ambiente\/wp-json\/wp\/v2\/posts\/16095","targetHints":{"allow":["GET"]}}],"collection":[{"href":"https:\/\/www.ambienteyenergia.gob.ec\/ambiente\/wp-json\/wp\/v2\/posts"}],"about":[{"href":"https:\/\/www.ambienteyenergia.gob.ec\/ambiente\/wp-json\/wp\/v2\/types\/post"}],"author":[{"embeddable":true,"href":"https:\/\/www.ambienteyenergia.gob.ec\/ambiente\/wp-json\/wp\/v2\/users\/13"}],"replies":[{"embeddable":true,"href":"https:\/\/www.ambienteyenergia.gob.ec\/ambiente\/wp-json\/wp\/v2\/comments?post=16095"}],"version-history":[{"count":0,"href":"https:\/\/www.ambienteyenergia.gob.ec\/ambiente\/wp-json\/wp\/v2\/posts\/16095\/revisions"}],"wp:featuredmedia":[{"embeddable":true,"href":"https:\/\/www.ambienteyenergia.gob.ec\/ambiente\/wp-json\/wp\/v2\/media\/16096"}],"wp:attachment":[{"href":"https:\/\/www.ambienteyenergia.gob.ec\/ambiente\/wp-json\/wp\/v2\/media?parent=16095"}],"wp:term":[{"taxonomy":"category","embeddable":true,"href":"https:\/\/www.ambienteyenergia.gob.ec\/ambiente\/wp-json\/wp\/v2\/categories?post=16095"},{"taxonomy":"post_tag","embeddable":true,"href":"https:\/\/www.ambienteyenergia.gob.ec\/ambiente\/wp-json\/wp\/v2\/tags?post=16095"}],"curies":[{"name":"wp","href":"https:\/\/api.w.org\/{rel}","templated":true}]}}