{"id":16091,"date":"2013-10-21T09:37:36","date_gmt":"2013-10-21T14:37:36","guid":{"rendered":"http:\/\/www.ambiente.gob.ec\/?p=16091"},"modified":"2013-10-21T09:37:36","modified_gmt":"2013-10-21T14:37:36","slug":"ministerio-del-ambiente-promueve-campana-dirigida-a-funcionarios-publicos-para-el-ahorro-de-energia","status":"publish","type":"post","link":"https:\/\/www.ambienteyenergia.gob.ec\/ambiente\/ministerio-del-ambiente-promueve-campana-dirigida-a-funcionarios-publicos-para-el-ahorro-de-energia\/","title":{"rendered":"Ministerio del Ambiente promueve campa\u00f1a dirigida a funcionarios p\u00fablicos para el ahorro de energ\u00eda"},"content":{"rendered":"<p style=\"text-align: justify;\">Este 21 de octubre se celebra el <strong>\u201cD\u00eda Mundial del Ahorro de Energ\u00eda\u201d. <\/strong>El Gobierno,\u00a0 consciente de la importancia de la seguridad y soberan\u00eda energ\u00e9tica para el desarrollo econ\u00f3mico y social\u00a0 del pa\u00eds, as\u00ed como de los recursos naturales que proveen su generaci\u00f3n, expidi\u00f3 el Decreto Ejecutivo 1681, suscrito el 21 de abril del 2009, cuyo texto expresa que \u201cLas entidades y organismos que conforman la Administraci\u00f3n P\u00fablica Central e institucional de la Funci\u00f3n Ejecutiva realizar\u00e1n el recambio a tecnolog\u00edas eficientes en iluminaci\u00f3n<strong>. Para el efecto, estructurar\u00e1n e implementar\u00e1n programas de difusi\u00f3n, dirigidos a todo su personal, para ense\u00f1ar la buena pr\u00e1ctica diaria del uso racional de la energ\u00eda\u201d.<\/strong><\/p>\n<p style=\"text-align: justify;\">El Ministerio del Ambiente del Ecuador, comprometido con el uso sostenible y la conservaci\u00f3n de los recursos naturales,\u00a0 realizar\u00e1 una campa\u00f1a a nivel interno que busca motivar y sensibilizar a los servidores p\u00fablicos respecto al uso eficiente de energ\u00eda.<\/p>\n<p style=\"text-align: justify;\">Con esta iniciativa, que iniciar\u00e1 el lunes 21 de octubre, se busca motivar a los funcionarios a ahorrar y hacer un uso eficiente de la energ\u00eda, en su lugar de trabajo y en sus hogares, se espera replicar esta campa\u00f1a en la mayor\u00eda de instancias p\u00fablicas, para de esta manera motivar a los servidores p\u00fablicos a generar desde su perspectiva individual, un cambio de h\u00e1bitos y rutinas diarias, contribuyendo as\u00ed a crear una cultura ambiental.<\/p>\n<p style=\"text-align: justify;\">Hacemos un llamado a todos los ciudadanos que sean parte de esta campa\u00f1a, tomando en consideraci\u00f3n durante sus actividades diarias, las siguientes recomendaciones:<\/p>\n<ul style=\"text-align: justify;\">\n<li>M\u00e1s del 80% de los desplazamientos de veh\u00edculos en d\u00edas laborables son para ir al trabajo; promovamos la iniciativa del uso compartido de veh\u00edculos entre compa\u00f1eros de trabajo, dentro de la misma ruta; es una excelente forma de ahorrar combustible, dinero y contribuir con el ambiente.<\/li>\n<li>Use el servicio de transporte de la Instituci\u00f3n; es m\u00e1s seguro, econ\u00f3mico, reduce el tiempo de llegada y su huella de carbono.<\/li>\n<li>La mejor forma de ahorrar energ\u00eda es apagar los equipos cuando no vayan a ser utilizados durante un tiempo prolongado (una hora o m\u00e1s). Apague sus equipos a la hora de almuerzo o cuando se ausente por m\u00e1s de una hora de su sitio de trabajo.<\/li>\n<li>No deje enchufados los cargadores de celular u otros dispositivos; estos aunque no est\u00e9n cargando la bater\u00eda del equipo, contin\u00faan consumiendo energ\u00eda.<\/li>\n<li>Mantenga las persianas abiertas para tener buena iluminaci\u00f3n; encienda las luces s\u00f3lo cuando lo necesite.<\/li>\n<li>Apague las luces cuando se ausente de su sitio de trabajo por m\u00e1s de 30 minutos.<\/li>\n<li>Reduzca el uso del ascensor, utilice las escaleras para subir de un piso a otro.<\/li>\n<li>Cuando use la cafetera, ll\u00e9nela solo con la cantidad de agua necesaria; esto ahorrar\u00e1 energ\u00eda y el agua se calentar\u00e1 m\u00e1s r\u00e1pido.<\/li>\n<li>Prefiera el uso de aparatos el\u00e9ctricos ante que aquellos que funcionan con pilas. Producir una pila o bater\u00eda, gasta m\u00e1s energ\u00eda que la que esta provee. Si no puede prescindir del uso de las pilas, prefiera las recargables.<\/li>\n<li>Conecte varios aparatos a una regleta o cortapicos. Cuando termine de usarlos, ap\u00e1guela\u00a0 para asegurarse de que ninguno contin\u00fae en funcionamiento.<\/li>\n<\/ul>\n<p style=\"text-align: justify;\">Si requiere informaci\u00f3n detallada acerca del ahorro y uso eficiente de energ\u00eda puede solicitarla en el Ministerio del Ambiente a trav\u00e9s de la Subsecretar\u00eda de Cambio Clim\u00e1tico.<\/p>\n<p style=\"text-align: justify;\"><a href=\"http:\/\/www.ambienteyenergia.gob.ec\/ambiente\/wp-content\/uploads\/2013\/10\/dia-mundial-ahorro-energia.jpg\"><img loading=\"lazy\" decoding=\"async\" class=\"aligncenter size-full wp-image-16093\" title=\"dia-mundial-ahorro-energia\" src=\"http:\/\/www.ambienteyenergia.gob.ec\/ambiente\/wp-content\/uploads\/2013\/10\/dia-mundial-ahorro-energia.jpg\" alt=\"\" width=\"843\" height=\"403\" srcset=\"https:\/\/www.ambienteyenergia.gob.ec\/ambiente\/wp-content\/uploads\/sites\/2\/2013\/10\/dia-mundial-ahorro-energia.jpg 843w, https:\/\/www.ambienteyenergia.gob.ec\/ambiente\/wp-content\/uploads\/sites\/2\/2013\/10\/dia-mundial-ahorro-energia-300x143.jpg 300w, https:\/\/www.ambienteyenergia.gob.ec\/ambiente\/wp-content\/uploads\/sites\/2\/2013\/10\/dia-mundial-ahorro-energia-500x239.jpg 500w\" sizes=\"auto, (max-width: 843px) 100vw, 843px\" \/><\/a><\/p>\n","protected":false},"excerpt":{"rendered":"<p class=\"excerpt\">Este 21 de octubre se celebra el \u201cD\u00eda Mundial del Ahorro de Energ\u00eda\u201d. El Gobierno,\u00a0 consciente de la importancia de la seguridad y soberan\u00eda energ\u00e9tica para el desarrollo econ\u00f3mico y social\u00a0 del pa\u00eds, as\u00ed como de los recursos naturales que proveen su generaci\u00f3n, expidi\u00f3 el Decreto Ejecutivo 1681, suscrito el 21 de abril del 2009, cuyo texto expresa que \u201cLas&hellip; <a href=\"https:\/\/www.ambienteyenergia.gob.ec\/ambiente\/ministerio-del-ambiente-promueve-campana-dirigida-a-funcionarios-publicos-para-el-ahorro-de-energia\/\">Read more &rarr;<\/a><\/p>\n","protected":false},"author":13,"featured_media":16092,"comment_status":"open","ping_status":"open","sticky":false,"template":"","format":"standard","meta":{"footnotes":""},"categories":[16,4],"tags":[],"class_list":["post-16091","post","type-post","status-publish","format-standard","has-post-thumbnail","hentry","category-comunicamos","category-noticias","xfolkentry"],"_links":{"self":[{"href":"https:\/\/www.ambienteyenergia.gob.ec\/ambiente\/wp-json\/wp\/v2\/posts\/16091","targetHints":{"allow":["GET"]}}],"collection":[{"href":"https:\/\/www.ambienteyenergia.gob.ec\/ambiente\/wp-json\/wp\/v2\/posts"}],"about":[{"href":"https:\/\/www.ambienteyenergia.gob.ec\/ambiente\/wp-json\/wp\/v2\/types\/post"}],"author":[{"embeddable":true,"href":"https:\/\/www.ambienteyenergia.gob.ec\/ambiente\/wp-json\/wp\/v2\/users\/13"}],"replies":[{"embeddable":true,"href":"https:\/\/www.ambienteyenergia.gob.ec\/ambiente\/wp-json\/wp\/v2\/comments?post=16091"}],"version-history":[{"count":0,"href":"https:\/\/www.ambienteyenergia.gob.ec\/ambiente\/wp-json\/wp\/v2\/posts\/16091\/revisions"}],"wp:featuredmedia":[{"embeddable":true,"href":"https:\/\/www.ambienteyenergia.gob.ec\/ambiente\/wp-json\/wp\/v2\/media\/16092"}],"wp:attachment":[{"href":"https:\/\/www.ambienteyenergia.gob.ec\/ambiente\/wp-json\/wp\/v2\/media?parent=16091"}],"wp:term":[{"taxonomy":"category","embeddable":true,"href":"https:\/\/www.ambienteyenergia.gob.ec\/ambiente\/wp-json\/wp\/v2\/categories?post=16091"},{"taxonomy":"post_tag","embeddable":true,"href":"https:\/\/www.ambienteyenergia.gob.ec\/ambiente\/wp-json\/wp\/v2\/tags?post=16091"}],"curies":[{"name":"wp","href":"https:\/\/api.w.org\/{rel}","templated":true}]}}