{"id":16086,"date":"2013-10-19T15:10:53","date_gmt":"2013-10-19T20:10:53","guid":{"rendered":"http:\/\/www.ambiente.gob.ec\/?p=16086"},"modified":"2013-10-19T15:13:53","modified_gmt":"2013-10-19T20:13:53","slug":"ministra-lorena-tapia-explica-sobre-medidas-de-biorremediacion-en-el-estero-salado","status":"publish","type":"post","link":"https:\/\/www.ambienteyenergia.gob.ec\/ambiente\/ministra-lorena-tapia-explica-sobre-medidas-de-biorremediacion-en-el-estero-salado\/","title":{"rendered":"Ministra Lorena Tapia explic\u00f3 sobre medidas de biorremediacion en el Estero Salado"},"content":{"rendered":"<p style=\"text-align: justify;\">Hoy s\u00e1bado 19 de octubre, en el marco del enlace ciudadano Nro. 344, el Ministerio del Ambiente (MAE) particip\u00f3 en la Feria Ciudadana realizada en el Cant\u00f3n San Miguel de Guaranda, Provincia de Bolivar, al siguiente d\u00eda de cumplido el Gabinete Itinerante, en el que intervino la Ministra del Ambiente, Lorena Tapia.<\/p>\n<p style=\"text-align: justify;\"><strong>Gabinete Itinerante<\/strong><\/p>\n<p style=\"text-align: justify;\">La reuni\u00f3n de autoridades, presidida por el presidente, Rafael Correa se desarrollo desde las 12:00 hasta las 20:00, en la Universidad de Bolivar donde la primera autoridad ambiental explic\u00f3 los puntos fundamentales que el MAE, como principal gestor ambiental del pa\u00eds, lleva a cabo tanto a nivel local como a nivel nacional.<\/p>\n<p style=\"text-align: justify;\">Los programas m\u00e1s importantes en los que el MAE tiene participaci\u00f3n son:<\/p>\n<ul style=\"text-align: justify;\">\n<li>PNGIDS: Programa Nacional para la Gesti\u00f3n Integral de Desechos S\u00f3lidos:<\/li>\n<li>Dentro de la provincia de Bol\u00edvar se ha contribuido al mejor manejo de los residuos s\u00f3lidos a trav\u00e9s de la dotaci\u00f3n de incentivos tales como plantas clasificadoras, picadoras, y tachos para la disposici\u00f3n de los residuos.\n<ul>\n<li>Una vez que se apruebe y ejecuten los estudios de GIRS para la Mancomunidad de Bol\u00edvar (Guaranda, Chimbo, San Miguel, Chillanes) financiado por la AME, y la conformaci\u00f3n de la Mancomunidad del Buen Vivir (20 cantones) de los cuales son parte en la provincia de Bol\u00edvar: Echand\u00eda, Las Naves y Caluma; el PNGIDS coadyuva a que todos los cantones que conforman la provincia de Bol\u00edvar implanten este modelo.<\/li>\n<li>El monto de inversi\u00f3n total del proyecto en la provincia: USD 142 281,09.<\/li>\n<\/ul>\n<\/li>\n<\/ul>\n<ul style=\"text-align: justify;\">\n<li>Proyecto Socio Bosque:\n<ul>\n<li>Socio Bosque cuenta con 111 convenios firmados entre individuales y colectivos; beneficiando a 5 817 personas en la provincia de Bol\u00edvar que corresponde al 4,21% de los socios actuales a nivel nacional.<\/li>\n<li>El monto de inversi\u00f3n total del proyecto en la provincia: USD $462.308,06.<\/li>\n<\/ul>\n<\/li>\n<\/ul>\n<p style=\"text-align: justify;\">Una vez finalizado el Gabinete, la Ministra Tapia, junto con las dem\u00e1s autoridades de Gobierno, asisti\u00f3 a una noche cultural en el coliseo cerrado de Deportes Carlos Ch\u00e1vez Guerrero, ubicado en el mismo cant\u00f3n.<\/p>\n<p style=\"text-align: justify;\"><strong>Feria Ciudadana<\/strong><\/p>\n<p style=\"text-align: justify;\">En la Feria Ciudadana, el MAE instal\u00f3 un stand en el que sus funcionarios informaron sobre la gesti\u00f3n que esta Cartera de Estado realiza. Se explicaron los ejes, programas y proyectos primordiales que la Instituci\u00f3n maneja en pro de un ambiente saludable.<\/p>\n<p style=\"text-align: justify;\">Enlace Ciudadano<\/p>\n<p style=\"text-align: justify;\">En el Enlace Ciudadano, la Ministra Lorena Tapia explic\u00f3 los avances que se han realizado en el Proyecto Guayaquil Ecol\u00f3gico, componente Estero Salado, haciendo referencia a la visita del se\u00f1or Presidente d\u00edas atr\u00e1s.<\/p>\n<p style=\"text-align: justify;\">La eliminaci\u00f3n de estrangulamientos se basar\u00e1 en un estudio de identificaci\u00f3n, cualitativa y cuantitativa de los sitios causantes de estrangulamientos, mecanismos y t\u00e9cnicas para lograr su eliminaci\u00f3n de estos ocho puntos ubicados en Puerto Lisa y Palanqueado.<\/p>\n<p style=\"text-align: justify;\">La Ministra destac\u00f3 el tratamiento que se aplicar\u00e1 para la descontaminaci\u00f3n del agua y y sedimentos y la eliminaci\u00f3n de estrangulamientos en base a alternativas de Biorremediaci\u00f3n como por ejemplo: fitoremediaci\u00f3n, bioabsorci\u00f3n por plantas, zeolitas, taponaje de sedimentos y encalado con piedra caliza que ayudar\u00e1n a recuperar el Estero Salado.<\/p>\n<p style=\"text-align: justify;\">\u201cSon impresionantes los altos niveles de contaminaci\u00f3n en el Estero Salado, 800 veces del nivel permitido\u201d dijo Correa, poniendo \u00e9nfasis su raz\u00f3n de hacer seguimiento intenso para que este proyecto siga adelante y se remedie la problem\u00e1tica.<\/p>\n<p style=\"text-align: justify;\">Asimismo, el Presidente de la Rep\u00fablica, felicit\u00f3 la gesti\u00f3n del Ministerio del Ambiente por las mejoras importantes en infraestructura que promueven el manejo y desarrollo econ\u00f3mico sostenible, orientado a la conservaci\u00f3n de los recursos naturales, refiri\u00e9ndose al punto mas saliente de la costa ecuatoriana y la segunda en Sudam\u00e9rica, Reserva de Producci\u00f3n Faun\u00edstica Marino Costera Puntilla de Santa Elena, mejor conocida como La Chocolatera.<\/p>\n","protected":false},"excerpt":{"rendered":"<p class=\"excerpt\">Hoy s\u00e1bado 19 de octubre, en el marco del enlace ciudadano Nro. 344, el Ministerio del Ambiente (MAE) particip\u00f3 en la Feria Ciudadana realizada en el Cant\u00f3n San Miguel de Guaranda, Provincia de Bolivar, al siguiente d\u00eda de cumplido el Gabinete Itinerante, en el que intervino la Ministra del Ambiente, Lorena Tapia. Gabinete Itinerante La reuni\u00f3n de autoridades, presidida por&hellip; <a href=\"https:\/\/www.ambienteyenergia.gob.ec\/ambiente\/ministra-lorena-tapia-explica-sobre-medidas-de-biorremediacion-en-el-estero-salado\/\">Read more &rarr;<\/a><\/p>\n","protected":false},"author":13,"featured_media":16088,"comment_status":"open","ping_status":"open","sticky":false,"template":"","format":"standard","meta":{"footnotes":""},"categories":[16,4],"tags":[],"class_list":["post-16086","post","type-post","status-publish","format-standard","has-post-thumbnail","hentry","category-comunicamos","category-noticias","xfolkentry"],"_links":{"self":[{"href":"https:\/\/www.ambienteyenergia.gob.ec\/ambiente\/wp-json\/wp\/v2\/posts\/16086","targetHints":{"allow":["GET"]}}],"collection":[{"href":"https:\/\/www.ambienteyenergia.gob.ec\/ambiente\/wp-json\/wp\/v2\/posts"}],"about":[{"href":"https:\/\/www.ambienteyenergia.gob.ec\/ambiente\/wp-json\/wp\/v2\/types\/post"}],"author":[{"embeddable":true,"href":"https:\/\/www.ambienteyenergia.gob.ec\/ambiente\/wp-json\/wp\/v2\/users\/13"}],"replies":[{"embeddable":true,"href":"https:\/\/www.ambienteyenergia.gob.ec\/ambiente\/wp-json\/wp\/v2\/comments?post=16086"}],"version-history":[{"count":0,"href":"https:\/\/www.ambienteyenergia.gob.ec\/ambiente\/wp-json\/wp\/v2\/posts\/16086\/revisions"}],"wp:featuredmedia":[{"embeddable":true,"href":"https:\/\/www.ambienteyenergia.gob.ec\/ambiente\/wp-json\/wp\/v2\/media\/16088"}],"wp:attachment":[{"href":"https:\/\/www.ambienteyenergia.gob.ec\/ambiente\/wp-json\/wp\/v2\/media?parent=16086"}],"wp:term":[{"taxonomy":"category","embeddable":true,"href":"https:\/\/www.ambienteyenergia.gob.ec\/ambiente\/wp-json\/wp\/v2\/categories?post=16086"},{"taxonomy":"post_tag","embeddable":true,"href":"https:\/\/www.ambienteyenergia.gob.ec\/ambiente\/wp-json\/wp\/v2\/tags?post=16086"}],"curies":[{"name":"wp","href":"https:\/\/api.w.org\/{rel}","templated":true}]}}