{"id":16083,"date":"2013-10-18T16:12:14","date_gmt":"2013-10-18T21:12:14","guid":{"rendered":"http:\/\/www.ambiente.gob.ec\/?p=16083"},"modified":"2013-10-18T16:12:14","modified_gmt":"2013-10-18T21:12:14","slug":"la-abg-celebro-su-primer-aniversario-con-actividades-que-resaltaron-su-imagen-institucional","status":"publish","type":"post","link":"https:\/\/www.ambienteyenergia.gob.ec\/ambiente\/la-abg-celebro-su-primer-aniversario-con-actividades-que-resaltaron-su-imagen-institucional\/","title":{"rendered":"La ABG celebr\u00f3 su primer aniversario con actividades que resaltaron su imagen institucional"},"content":{"rendered":"<p style=\"text-align: justify;\">La Agencia de Regulaci\u00f3n y Control de\u00a0 la Bioseguridad y Cuarentena para Gal\u00e1pagos (ABG) fue creada mediante decreto presidencial, adscrita al Ministerio del Ambiente. Y su publicaci\u00f3n de la creaci\u00f3n de la ABG se da el 17 de octubre de 2012 en el segundo suplemento del\u00a0 registro oficial 811, con la misi\u00f3n de:<strong> <\/strong>controlar, regular, impedir y disminuir el riesgo de introducci\u00f3n, movimiento y dispersi\u00f3n de organismos ex\u00f3ticos, por cualquier medio, que ponga en riesgo la salud humana, el sistema econ\u00f3mico, las actividades agropecuarias en la provincia de Gal\u00e1pagos.<\/p>\n<p style=\"text-align: justify;\">En el evento se present\u00f3 el informe anual de actividades que tuvo lugar en la oficina matriz de la instituci\u00f3n, ubicada en Puerto Ayora, Santa Cruz. Al acto asistieron las principales autoridades de la provincia y\u00a0 funcionarios de la entidad.<\/p>\n<p style=\"text-align: justify;\">La Ministra del Ambiente, Lorena Tapia, dirigi\u00f3 un mensaje a todos los presentes, en el que\u00a0 indic\u00f3 que este a\u00f1o es solo el inicio de un gran reto. El compromiso es cumplir los objetivos trazados con el fin de proteger\u00a0 este hermoso pero fr\u00e1gil ecosistema de\u00a0 especies invasoras.<\/p>\n<p style=\"text-align: justify;\">En su intervenci\u00f3n, Marilyn Cruz, Directora ejecutiva de la ABG, expuso el informe de actividades, destacando los logros de mayor realce en el transcurso de este primer a\u00f1o. Asimismo,\u00a0 enfatiz\u00f3 en la uni\u00f3n institucional y en el trabajo en equipo, en pro de la conservaci\u00f3n y bienestar de la ciudadan\u00eda y el ambiente de las Isla Gal\u00e1pagos.<\/p>\n<p style=\"text-align: justify;\">Para concluir la ceremonia, Juan Carlos Guzm\u00e1n, Director Provincial del Ministerio de Agricultura, Acuacultura Ganader\u00eda y Pesca (MAGAP), realiz\u00f3 la entrega de una placa en reconocimiento a la Directora Ejecutiva de la ABG por su\u00a0 labor y destacando la s\u00f3lida relaci\u00f3n interinstitucional.<\/p>\n<p style=\"text-align: justify;\">La ABG es una instituci\u00f3n nueva, pero que cada d\u00eda se fortalece gracias al apoyo del Gobierno Nacional a trav\u00e9s del Ministerio del Ambiente.<\/p>\n","protected":false},"excerpt":{"rendered":"<p class=\"excerpt\">La Agencia de Regulaci\u00f3n y Control de\u00a0 la Bioseguridad y Cuarentena para Gal\u00e1pagos (ABG) fue creada mediante decreto presidencial, adscrita al Ministerio del Ambiente. Y su publicaci\u00f3n de la creaci\u00f3n de la ABG se da el 17 de octubre de 2012 en el segundo suplemento del\u00a0 registro oficial 811, con la misi\u00f3n de: controlar, regular, impedir y disminuir el riesgo&hellip; <a href=\"https:\/\/www.ambienteyenergia.gob.ec\/ambiente\/la-abg-celebro-su-primer-aniversario-con-actividades-que-resaltaron-su-imagen-institucional\/\">Read more &rarr;<\/a><\/p>\n","protected":false},"author":13,"featured_media":16084,"comment_status":"open","ping_status":"open","sticky":false,"template":"","format":"standard","meta":{"footnotes":""},"categories":[16,4],"tags":[],"class_list":["post-16083","post","type-post","status-publish","format-standard","has-post-thumbnail","hentry","category-comunicamos","category-noticias","xfolkentry"],"_links":{"self":[{"href":"https:\/\/www.ambienteyenergia.gob.ec\/ambiente\/wp-json\/wp\/v2\/posts\/16083","targetHints":{"allow":["GET"]}}],"collection":[{"href":"https:\/\/www.ambienteyenergia.gob.ec\/ambiente\/wp-json\/wp\/v2\/posts"}],"about":[{"href":"https:\/\/www.ambienteyenergia.gob.ec\/ambiente\/wp-json\/wp\/v2\/types\/post"}],"author":[{"embeddable":true,"href":"https:\/\/www.ambienteyenergia.gob.ec\/ambiente\/wp-json\/wp\/v2\/users\/13"}],"replies":[{"embeddable":true,"href":"https:\/\/www.ambienteyenergia.gob.ec\/ambiente\/wp-json\/wp\/v2\/comments?post=16083"}],"version-history":[{"count":0,"href":"https:\/\/www.ambienteyenergia.gob.ec\/ambiente\/wp-json\/wp\/v2\/posts\/16083\/revisions"}],"wp:featuredmedia":[{"embeddable":true,"href":"https:\/\/www.ambienteyenergia.gob.ec\/ambiente\/wp-json\/wp\/v2\/media\/16084"}],"wp:attachment":[{"href":"https:\/\/www.ambienteyenergia.gob.ec\/ambiente\/wp-json\/wp\/v2\/media?parent=16083"}],"wp:term":[{"taxonomy":"category","embeddable":true,"href":"https:\/\/www.ambienteyenergia.gob.ec\/ambiente\/wp-json\/wp\/v2\/categories?post=16083"},{"taxonomy":"post_tag","embeddable":true,"href":"https:\/\/www.ambienteyenergia.gob.ec\/ambiente\/wp-json\/wp\/v2\/tags?post=16083"}],"curies":[{"name":"wp","href":"https:\/\/api.w.org\/{rel}","templated":true}]}}