{"id":16071,"date":"2013-10-18T08:48:15","date_gmt":"2013-10-18T13:48:15","guid":{"rendered":"http:\/\/www.ambiente.gob.ec\/?p=16071"},"modified":"2013-10-18T08:55:09","modified_gmt":"2013-10-18T13:55:09","slug":"acusados-de-delito-ambiental-se-haran-cargo-del-dano-que-causaron-en-yacuambi","status":"publish","type":"post","link":"https:\/\/www.ambienteyenergia.gob.ec\/ambiente\/acusados-de-delito-ambiental-se-haran-cargo-del-dano-que-causaron-en-yacuambi\/","title":{"rendered":"Acusados de delito ambiental se har\u00e1n cargo del da\u00f1o que causaron en Yacuambi"},"content":{"rendered":"<p>Los cuatro procesados por delito de contaminaci\u00f3n ambiental por actividades de miner\u00eda ilegal en Yacuambi, provincia de Zamora Chinchipe, aceptaron su participaci\u00f3n y manifestaron su voluntad de reparar el da\u00f1o ambiental que cometieron. Eso se resolvi\u00f3 el 14 de octubre, durante la audiencia que se llev\u00f3 a cabo en el Tribunal de Garant\u00edas Penales de esa provincia.<\/p>\n<p style=\"text-align: justify;\">\u00a0Ese d\u00eda, los acusados presentaron ante el Tribunal una solicitud de suspensi\u00f3n condicional del procedimiento, una medida alternativa de mediaci\u00f3n que considera el cumplimiento de ciertas condiciones a fin de que los acusados puedan reparar el da\u00f1o causado, manteniendo su libertad.<\/p>\n<p style=\"text-align: justify;\">\u00a0El Presidente del Tribunal puso la solicitud a consideraci\u00f3n de la Fiscal\u00eda y del Ministerio del Ambiente (MAE). Las dos instituciones aceptaron, teniendo en cuenta que los implicados deber\u00e1n aplicar un plan de manejo que se ajuste al Informe de Valoraci\u00f3n por Da\u00f1os Ambientales generados en esa zona. Dentro de ese informe, los peritos ambientales del PRAS-MAE calcularon un valor de da\u00f1o de USD 3\u2019438.556,00.<\/p>\n<p style=\"text-align: justify;\">\u00a0Para poder ejecutar la suspensi\u00f3n condicional, los procesados deber\u00e1n cumplir las siguientes condiciones en un plazo de dos a\u00f1os:<\/p>\n<p style=\"text-align: justify;\">\u00a01. Los acusados deber\u00e1n abstenerse de realizar actividades mineras en la parroquia 28 de Mayo, del cant\u00f3n Yacuambi, espec\u00edficamente en las riveras del r\u00edo Tutupali.<\/p>\n<p style=\"text-align: justify;\">2. Los acusados tienen un plazo de dos meses para presentarle al PRAS un Plan de Remediaci\u00f3n y Reparaci\u00f3n Ambiental del \u00e1rea afectada por ellos, el mismo que deber\u00e1 ser ejecutado por los acusados y supervisado por el PRAS-MAE; todo esto sobre la base del Informe de Valoraci\u00f3n de Pasivos Ambientales presentado dentro del juicio como prueba del MAE.<\/p>\n<p style=\"text-align: justify;\">3. Los acusados deber\u00e1n presentarse el \u00faltimo d\u00eda de cada mes ante la Fiscal\u00eda que llev\u00f3 el caso.<\/p>\n<p style=\"text-align: justify;\">4. Los procesados deben realizar programas de concientizaci\u00f3n educativa a todos los estudiantes de escuelas y colegios de la parroquia 28 de Mayo, del cant\u00f3n Yacuambi, provincia de Zamora Chinchipe, dos veces al a\u00f1o, por 2 a\u00f1os. Deber\u00e1n tratar temas relacionados con prevenci\u00f3n del da\u00f1o y cuidado ambiental.<\/p>\n<p style=\"text-align: justify;\">5. Los procesados no podr\u00e1n cometer otro delito, es decir no deben tener otra Instrucci\u00f3n Fiscal.<\/p>\n<p style=\"text-align: justify;\">La suspensi\u00f3n condicional del procedimiento no representa la terminaci\u00f3n del proceso judicial. Si los acusados incumplen con alguna de las condiciones, se proceder\u00e1 a solicitar la revocatoria de la decisi\u00f3n y entonces se continuar\u00eda con la audiencia de juzgamiento y con una sentencia sin opci\u00f3n a un segundo pedido de suspensi\u00f3n.<\/p>\n<p style=\"text-align: justify;\">Para el Ministerio del Ambiente (MAE) el resultado de este juicio constituye un precedente legal, pues por primera vez en el Ecuador se est\u00e1 aplicando un proceso alternativo en materia penal, relacionado con delitos ambientales, conforme lo establece la Constituci\u00f3n y el C\u00f3digo de Procedimiento Penal.<\/p>\n<p style=\"text-align: justify;\">\n","protected":false},"excerpt":{"rendered":"<p class=\"excerpt\">Los cuatro procesados por delito de contaminaci\u00f3n ambiental por actividades de miner\u00eda ilegal en Yacuambi, provincia de Zamora Chinchipe, aceptaron su participaci\u00f3n y manifestaron su voluntad de reparar el da\u00f1o ambiental que cometieron. Eso se resolvi\u00f3 el 14 de octubre, durante la audiencia que se llev\u00f3 a cabo en el Tribunal de Garant\u00edas Penales de esa provincia. \u00a0Ese d\u00eda, los&hellip; <a href=\"https:\/\/www.ambienteyenergia.gob.ec\/ambiente\/acusados-de-delito-ambiental-se-haran-cargo-del-dano-que-causaron-en-yacuambi\/\">Read more &rarr;<\/a><\/p>\n","protected":false},"author":13,"featured_media":15967,"comment_status":"open","ping_status":"open","sticky":false,"template":"","format":"standard","meta":{"footnotes":""},"categories":[16,4],"tags":[53,54,332,321],"class_list":["post-16071","post","type-post","status-publish","format-standard","has-post-thumbnail","hentry","category-comunicamos","category-noticias","tag-mae","tag-ministerio-del-ambiente","tag-yacuambi","tag-zamora-chinchipe","xfolkentry"],"_links":{"self":[{"href":"https:\/\/www.ambienteyenergia.gob.ec\/ambiente\/wp-json\/wp\/v2\/posts\/16071","targetHints":{"allow":["GET"]}}],"collection":[{"href":"https:\/\/www.ambienteyenergia.gob.ec\/ambiente\/wp-json\/wp\/v2\/posts"}],"about":[{"href":"https:\/\/www.ambienteyenergia.gob.ec\/ambiente\/wp-json\/wp\/v2\/types\/post"}],"author":[{"embeddable":true,"href":"https:\/\/www.ambienteyenergia.gob.ec\/ambiente\/wp-json\/wp\/v2\/users\/13"}],"replies":[{"embeddable":true,"href":"https:\/\/www.ambienteyenergia.gob.ec\/ambiente\/wp-json\/wp\/v2\/comments?post=16071"}],"version-history":[{"count":0,"href":"https:\/\/www.ambienteyenergia.gob.ec\/ambiente\/wp-json\/wp\/v2\/posts\/16071\/revisions"}],"wp:featuredmedia":[{"embeddable":true,"href":"https:\/\/www.ambienteyenergia.gob.ec\/ambiente\/wp-json\/wp\/v2\/media\/15967"}],"wp:attachment":[{"href":"https:\/\/www.ambienteyenergia.gob.ec\/ambiente\/wp-json\/wp\/v2\/media?parent=16071"}],"wp:term":[{"taxonomy":"category","embeddable":true,"href":"https:\/\/www.ambienteyenergia.gob.ec\/ambiente\/wp-json\/wp\/v2\/categories?post=16071"},{"taxonomy":"post_tag","embeddable":true,"href":"https:\/\/www.ambienteyenergia.gob.ec\/ambiente\/wp-json\/wp\/v2\/tags?post=16071"}],"curies":[{"name":"wp","href":"https:\/\/api.w.org\/{rel}","templated":true}]}}