{"id":16065,"date":"2013-10-17T14:36:31","date_gmt":"2013-10-17T19:36:31","guid":{"rendered":"http:\/\/www.ambiente.gob.ec\/?p=16065"},"modified":"2013-10-17T14:36:31","modified_gmt":"2013-10-17T19:36:31","slug":"ministerio-del-ambiente-participa-en-la-mesa-redonda-de-la-union-europea","status":"publish","type":"post","link":"https:\/\/www.ambienteyenergia.gob.ec\/ambiente\/ministerio-del-ambiente-participa-en-la-mesa-redonda-de-la-union-europea\/","title":{"rendered":"Ministerio del Ambiente participa en la Mesa Redonda de la Uni\u00f3n Europea"},"content":{"rendered":"<p style=\"text-align: justify;\">Durante el 16 y 17 de octubre se\u00a0 lleva a cabo en la ciudad de Bruselas, la Mesa Redonda titulada \u00a0\u201cColaboraci\u00f3n en Cambio Clim\u00e1tico entre la Uni\u00f3n Europea y\u00a0 Am\u00e9rica Latina y el Caribe\u201d. Este evento re\u00fane a m\u00e1s de 150 participantes de ambas regiones.<\/p>\n<p style=\"text-align: justify;\">Eduardo Noboa, Subsecretario de Cambio Clim\u00e1tico, present\u00f3 en este encuentro las iniciativas nacionales en Agricultura, Uso del suelo y Cambio del Uso del Suelo (AFOLOU\u00a0 en sus siglas en ingl\u00e9s), como son los programas: REDD+, Socio Bosque, Seguridad Alimentaria y Adaptaci\u00f3n, Programa de Gobernanza de Recursos H\u00eddricos, Programa de Retroceso de Glaciares y Conservaci\u00f3n de P\u00e1ramos.<\/p>\n<p style=\"text-align: justify;\">Este espacio tiene como objetivo dinamizar la cooperaci\u00f3n internacional entre la Uni\u00f3n Europea y Am\u00e9rica Latina en el marco del programa EUROCLIMA, el cual est\u00e1 delimitando las prioridades para su segunda fase de implementaci\u00f3n. \u201cLa amplia apropiaci\u00f3n del programa EUROCLIMA y el inter\u00e9s manifestado por los pa\u00edses beneficiarios a lo largo de estos a\u00f1os (2010-2013) nos impulsa a mantener el compromiso para poner en marcha esta segunda fase en la cual la Uni\u00f3n Europea estar\u00e1 aportando 10 millones de euros (m\u00e1s de 13 millones de d\u00f3lares) \u201d, enfatiz\u00f3 Jos\u00e9 Gonz\u00e1lez y Gonz\u00e1lez de la Direcci\u00f3n General de Desarrollo y Cooperaci\u00f3n EuropeAid de la Comisi\u00f3n Europea.<\/p>\n<p style=\"text-align: justify;\"><strong>El dato<\/strong><\/p>\n<p style=\"text-align: justify;\">Previo al encuentro en menci\u00f3n se realiz\u00f3 el \u201cTercer Seminario\u201d que cont\u00f3 con la participaci\u00f3n de m\u00e1s de 50 representantes provenientes de 17 gobiernos de Am\u00e9rica Latina y el Caribe, y con la representaci\u00f3n de los socios estrat\u00e9gicos del Programa que son, aparte de la Comisi\u00f3n Europea:\u00a0\u00a0el Centro Com\u00fan de Investigaci\u00f3n de la Comisi\u00f3n Europea (JRC),\u00a0la Comisi\u00f3n Econ\u00f3mica para Am\u00e9rica Latina y el Caribe de las Naciones Unidas (CEPAL) y el Instituto Interamericano de Cooperaci\u00f3n para la Agricultura (IICA). El IICA se estar\u00e1 incorporando en esta\u00a0segunda fase de EUROCLIMA<\/p>\n<p style=\"text-align: justify;\"><a href=\"http:\/\/www.ambienteyenergia.gob.ec\/ambiente\/wp-content\/uploads\/2013\/10\/bruselas-4.jpg\"><img loading=\"lazy\" decoding=\"async\" class=\"aligncenter size-full wp-image-16067\" title=\"bruselas-4\" src=\"http:\/\/www.ambienteyenergia.gob.ec\/ambiente\/wp-content\/uploads\/2013\/10\/bruselas-4.jpg\" alt=\"\" width=\"650\" height=\"488\" srcset=\"https:\/\/www.ambienteyenergia.gob.ec\/ambiente\/wp-content\/uploads\/sites\/2\/2013\/10\/bruselas-4.jpg 650w, https:\/\/www.ambienteyenergia.gob.ec\/ambiente\/wp-content\/uploads\/sites\/2\/2013\/10\/bruselas-4-300x225.jpg 300w, https:\/\/www.ambienteyenergia.gob.ec\/ambiente\/wp-content\/uploads\/sites\/2\/2013\/10\/bruselas-4-399x300.jpg 399w\" sizes=\"auto, (max-width: 650px) 100vw, 650px\" \/><\/a><\/p>\n","protected":false},"excerpt":{"rendered":"<p class=\"excerpt\">Durante el 16 y 17 de octubre se\u00a0 lleva a cabo en la ciudad de Bruselas, la Mesa Redonda titulada \u00a0\u201cColaboraci\u00f3n en Cambio Clim\u00e1tico entre la Uni\u00f3n Europea y\u00a0 Am\u00e9rica Latina y el Caribe\u201d. Este evento re\u00fane a m\u00e1s de 150 participantes de ambas regiones. Eduardo Noboa, Subsecretario de Cambio Clim\u00e1tico, present\u00f3 en este encuentro las iniciativas nacionales en Agricultura,&hellip; <a href=\"https:\/\/www.ambienteyenergia.gob.ec\/ambiente\/ministerio-del-ambiente-participa-en-la-mesa-redonda-de-la-union-europea\/\">Read more &rarr;<\/a><\/p>\n","protected":false},"author":13,"featured_media":16066,"comment_status":"open","ping_status":"open","sticky":false,"template":"","format":"standard","meta":{"footnotes":""},"categories":[16,4],"tags":[],"class_list":["post-16065","post","type-post","status-publish","format-standard","has-post-thumbnail","hentry","category-comunicamos","category-noticias","xfolkentry"],"_links":{"self":[{"href":"https:\/\/www.ambienteyenergia.gob.ec\/ambiente\/wp-json\/wp\/v2\/posts\/16065","targetHints":{"allow":["GET"]}}],"collection":[{"href":"https:\/\/www.ambienteyenergia.gob.ec\/ambiente\/wp-json\/wp\/v2\/posts"}],"about":[{"href":"https:\/\/www.ambienteyenergia.gob.ec\/ambiente\/wp-json\/wp\/v2\/types\/post"}],"author":[{"embeddable":true,"href":"https:\/\/www.ambienteyenergia.gob.ec\/ambiente\/wp-json\/wp\/v2\/users\/13"}],"replies":[{"embeddable":true,"href":"https:\/\/www.ambienteyenergia.gob.ec\/ambiente\/wp-json\/wp\/v2\/comments?post=16065"}],"version-history":[{"count":0,"href":"https:\/\/www.ambienteyenergia.gob.ec\/ambiente\/wp-json\/wp\/v2\/posts\/16065\/revisions"}],"wp:featuredmedia":[{"embeddable":true,"href":"https:\/\/www.ambienteyenergia.gob.ec\/ambiente\/wp-json\/wp\/v2\/media\/16066"}],"wp:attachment":[{"href":"https:\/\/www.ambienteyenergia.gob.ec\/ambiente\/wp-json\/wp\/v2\/media?parent=16065"}],"wp:term":[{"taxonomy":"category","embeddable":true,"href":"https:\/\/www.ambienteyenergia.gob.ec\/ambiente\/wp-json\/wp\/v2\/categories?post=16065"},{"taxonomy":"post_tag","embeddable":true,"href":"https:\/\/www.ambienteyenergia.gob.ec\/ambiente\/wp-json\/wp\/v2\/tags?post=16065"}],"curies":[{"name":"wp","href":"https:\/\/api.w.org\/{rel}","templated":true}]}}