{"id":16050,"date":"2013-10-17T10:05:47","date_gmt":"2013-10-17T15:05:47","guid":{"rendered":"http:\/\/www.ambiente.gob.ec\/?p=16050"},"modified":"2013-10-17T10:05:47","modified_gmt":"2013-10-17T15:05:47","slug":"10-unidades-educativas-de-atacames-recibieron-recipientes-para-residuos-solidos","status":"publish","type":"post","link":"https:\/\/www.ambienteyenergia.gob.ec\/ambiente\/10-unidades-educativas-de-atacames-recibieron-recipientes-para-residuos-solidos\/","title":{"rendered":"10 Unidades Educativas de Atacames recibieron recipientes para residuos s\u00f3lidos"},"content":{"rendered":"<p style=\"text-align: justify;\">Un total de 100 recipientes para la adecuada separaci\u00f3n en la fuente de residuos s\u00f3lidos fueron entregados por el Ministerio del Ambiente (MAE), a trav\u00e9s del \u00a0Programa Nacional para la Gesti\u00f3n Integral de Desechos S\u00f3lidos (PNGIDS) a las unidades educativas del cant\u00f3n Atacames, ubicado al sur de la provincia de Esmeraldas.<\/p>\n<p style=\"text-align: justify;\">Este proyecto es parte del plan intersectorial piloto para garantizar el ejercicio del derecho humano al agua y saneamiento. Para iniciar, esta Cartera de Estado capacit\u00f3 a \u00a0t\u00e9cnicos, profesores y rectores de los establecimientos seleccionadas, y a personal del GAD Muncipal de Atacames.<\/p>\n<p style=\"text-align: justify;\">Alrededor de 220 docentes fueron instruidos en el manejo adecuado de residuos s\u00f3lidos, como el caso de Robert Caicedo, rector de la Unidad Educativa Agueda Gonz\u00e1lez, quien felicit\u00f3 la iniciativa del Gobierno Nacional y del Ministerio del Ambiente.<\/p>\n<p style=\"text-align: justify;\">Las instituciones beneficiadas fueron Alexander Fleming, de la parroquia Tonsupa; Atahualpa, Zoila Ugarte, Mercedes Cevallos y Agueda Gonz\u00e1les, de la ciudad de Atacames; Balneario de S\u00faa y Cristo Rey, de la parroquia S\u00faa; Adalberto Ort\u00edz, del recinto Same; Quito y V\u00edctor San\u00edn, de la parroquia Tonchig\u00fce.<\/p>\n<p style=\"text-align: justify;\">Como parte del fortalecimiento y seguimiento de este programa de educaci\u00f3n ambiental, se ha planificado realizar r\u00e9plicas en el manejo de agua segura y desechos s\u00f3lidos, durante el mes de octubre. Ello, junto con la Direcci\u00f3n Provincial de Salud y Direcci\u00f3n Provincial del Ambiente de Esmeraldas.<\/p>\n<p style=\"text-align: justify;\">Adem\u00e1s, en el cant\u00f3n Atacames se ha iniciado tambi\u00e9n la implementaci\u00f3n del proyecto Red Infantil Guardianes del Planeta. En los meses de agosto y septiembre, se han capacitado a tres escuelas con 446 estudiantes de 4to a 6to a\u00f1o, y se ha planificado capacitar a\u00a0 777 estudiantes, en octubre y noviembre.<\/p>\n","protected":false},"excerpt":{"rendered":"<p class=\"excerpt\">Un total de 100 recipientes para la adecuada separaci\u00f3n en la fuente de residuos s\u00f3lidos fueron entregados por el Ministerio del Ambiente (MAE), a trav\u00e9s del \u00a0Programa Nacional para la Gesti\u00f3n Integral de Desechos S\u00f3lidos (PNGIDS) a las unidades educativas del cant\u00f3n Atacames, ubicado al sur de la provincia de Esmeraldas. Este proyecto es parte del plan intersectorial piloto para&hellip; <a href=\"https:\/\/www.ambienteyenergia.gob.ec\/ambiente\/10-unidades-educativas-de-atacames-recibieron-recipientes-para-residuos-solidos\/\">Read more &rarr;<\/a><\/p>\n","protected":false},"author":13,"featured_media":16051,"comment_status":"open","ping_status":"open","sticky":false,"template":"","format":"standard","meta":{"footnotes":""},"categories":[16,4],"tags":[],"class_list":["post-16050","post","type-post","status-publish","format-standard","has-post-thumbnail","hentry","category-comunicamos","category-noticias","xfolkentry"],"_links":{"self":[{"href":"https:\/\/www.ambienteyenergia.gob.ec\/ambiente\/wp-json\/wp\/v2\/posts\/16050","targetHints":{"allow":["GET"]}}],"collection":[{"href":"https:\/\/www.ambienteyenergia.gob.ec\/ambiente\/wp-json\/wp\/v2\/posts"}],"about":[{"href":"https:\/\/www.ambienteyenergia.gob.ec\/ambiente\/wp-json\/wp\/v2\/types\/post"}],"author":[{"embeddable":true,"href":"https:\/\/www.ambienteyenergia.gob.ec\/ambiente\/wp-json\/wp\/v2\/users\/13"}],"replies":[{"embeddable":true,"href":"https:\/\/www.ambienteyenergia.gob.ec\/ambiente\/wp-json\/wp\/v2\/comments?post=16050"}],"version-history":[{"count":0,"href":"https:\/\/www.ambienteyenergia.gob.ec\/ambiente\/wp-json\/wp\/v2\/posts\/16050\/revisions"}],"wp:featuredmedia":[{"embeddable":true,"href":"https:\/\/www.ambienteyenergia.gob.ec\/ambiente\/wp-json\/wp\/v2\/media\/16051"}],"wp:attachment":[{"href":"https:\/\/www.ambienteyenergia.gob.ec\/ambiente\/wp-json\/wp\/v2\/media?parent=16050"}],"wp:term":[{"taxonomy":"category","embeddable":true,"href":"https:\/\/www.ambienteyenergia.gob.ec\/ambiente\/wp-json\/wp\/v2\/categories?post=16050"},{"taxonomy":"post_tag","embeddable":true,"href":"https:\/\/www.ambienteyenergia.gob.ec\/ambiente\/wp-json\/wp\/v2\/tags?post=16050"}],"curies":[{"name":"wp","href":"https:\/\/api.w.org\/{rel}","templated":true}]}}